{"id":510625,"date":"2017-11-27T09:50:05","date_gmt":"2017-11-27T15:50:05","guid":{"rendered":"https:\/\/www.futboltotal.com.mx\/?p=510625"},"modified":"2017-11-27T09:50:05","modified_gmt":"2017-11-27T15:50:05","slug":"milan-anuncia-la-salida-montella-llegada-gattuso","status":"publish","type":"post","link":"http:\/\/desarrollo.grupomedios.com\/futbol\/futbol-internacional\/milan-anuncia-la-salida-montella-llegada-gattuso\/2017\/11","title":{"rendered":"Milan anuncia la salida de Montella y llegada de Gattuso"},"content":{"rendered":"<p>El <strong>Milan<\/strong> anunci\u00f3 este lunes la destituci\u00f3n como entrenador de <strong>Vincenzo Montella<\/strong> tras el empate del domingo con el Torino y ser\u00e1 sustituido por el campe\u00f3n del mundo <strong>Gennaro Gattuso<\/strong>, inform\u00f3 el club en un comunicado.<\/p>\n<p>La sociedad &#8220;rossonera&#8221; agradeci\u00f3 a Montella por &#8220;la actividad que ha desarrollado hasta ahora, por su compromiso, seriedad y correcci\u00f3n profesional&#8221; y dio la bienvenida a Gattuso, que entrenaba la cantera y que ser\u00e1 presentado ma\u00f1ana en rueda de prensa.<\/p>\n<p>https:\/\/twitter.com\/acmilan\/status\/935116642018906112<\/p>\n<p>Montella lleg\u00f3 al equipo milan\u00e9s en junio de 2016, firmando por dos temporadas, y deja al Milan en la s\u00e9ptima posici\u00f3n de la Serie A (Primera divisi\u00f3n) en la d\u00e9cima cuarta jornada, con seis victorias, dos empates y seis derrotas.<\/p>\n<p>Desde ahora le sustituir\u00e1 uno de los milanistas m\u00e1s insignes, Gennaro Gattuso, que visti\u00f3 la el\u00e1stica &#8220;rossonera&#8221; durante catorce temporadas (1999-2012) y fue campe\u00f3n del mundo en Alemania 2006. EFE<\/p>\n","protected":false},"excerpt":{"rendered":"<p>Los Rossoneri ver\u00e1n a uno de los \u00eddolos del club como DT.<\/p>\n","protected":false},"author":129,"featured_media":510626,"comment_status":"closed","ping_status":"closed","sticky":false,"template":"","format":"standard","meta":[],"categories":[3839,3848],"tags":[11266,242,11267],"_links":{"self":[{"href":"http:\/\/desarrollo.grupomedios.com\/futbol\/wp-json\/wp\/v2\/posts\/510625"}],"collection":[{"href":"http:\/\/desarrollo.grupomedios.com\/futbol\/wp-json\/wp\/v2\/posts"}],"about":[{"href":"http:\/\/desarrollo.grupomedios.com\/futbol\/wp-json\/wp\/v2\/types\/post"}],"author":[{"embeddable":true,"href":"http:\/\/desarrollo.grupomedios.com\/futbol\/wp-json\/wp\/v2\/users\/129"}],"replies":[{"embeddable":true,"href":"http:\/\/desarrollo.grupomedios.com\/futbol\/wp-json\/wp\/v2\/comments?post=510625"}],"version-history":[{"count":1,"href":"http:\/\/desarrollo.grupomedios.com\/futbol\/wp-json\/wp\/v2\/posts\/510625\/revisions"}],"predecessor-version":[{"id":510627,"href":"http:\/\/desarrollo.grupomedios.com\/futbol\/wp-json\/wp\/v2\/posts\/510625\/revisions\/510627"}],"wp:featuredmedia":[{"embeddable":true,"href":"http:\/\/desarrollo.grupomedios.com\/futbol\/wp-json\/wp\/v2\/media\/510626"}],"wp:attachment":[{"href":"http:\/\/desarrollo.grupomedios.com\/futbol\/wp-json\/wp\/v2\/media?parent=510625"}],"wp:term":[{"taxonomy":"category","embeddable":true,"href":"http:\/\/desarrollo.grupomedios.com\/futbol\/wp-json\/wp\/v2\/categories?post=510625"},{"taxonomy":"post_tag","embeddable":true,"href":"http:\/\/desarrollo.grupomedios.com\/futbol\/wp-json\/wp\/v2\/tags?post=510625"}],"curies":[{"name":"wp","href":"https:\/\/api.w.org\/{rel}","templated":true}]}}