{"id":510630,"date":"2017-11-27T10:06:21","date_gmt":"2017-11-27T16:06:21","guid":{"rendered":"https:\/\/www.futboltotal.com.mx\/?p=510630"},"modified":"2017-11-27T10:06:21","modified_gmt":"2017-11-27T16:06:21","slug":"eduardo-berizzo-sera-operado-del-cancer-prostata","status":"publish","type":"post","link":"http:\/\/desarrollo.grupomedios.com\/futbol\/futbol-internacional\/eduardo-berizzo-sera-operado-del-cancer-prostata\/2017\/11","title":{"rendered":"Eduardo Berizzo ser\u00e1 operado de su c\u00e1ncer de pr\u00f3stata"},"content":{"rendered":"<p>El t\u00e9cnico del <strong>Sevilla<\/strong> espa\u00f1ol, el argentino <strong>Eduardo &#8216;Toto&#8217; Berizzo<\/strong>, ser\u00e1 intervenido este martes por la tarde del &#8220;<strong>adenocarcinoma de pr\u00f3stata<\/strong>&#8221; que le fue diagnosticado hace unos d\u00edas, seg\u00fan anunci\u00f3 este lunes el club.<\/p>\n<p>Durante su convalecencia, su compatriota y segundo entrenador, <strong>Ernesto Marcucci<\/strong>, dirigir\u00e1 los entrenamientos del plantel sevillista y ocupar\u00e1 el puesto principal en el banquillo del equipo, precis\u00f3 el Sevilla, que ya inform\u00f3 el pasado mi\u00e9rcoles, tras el partido ante el <strong>Liverpool<\/strong>, de que el t\u00e9cnico cordob\u00e9s padec\u00eda un c\u00e1ncer de pr\u00f3stata.<\/p>\n<p>El regreso del <em>Toto\u00a0<\/em>Berizzo al banquillo del Sevilla depender\u00e1 &#8220;tanto de la intervenci\u00f3n como de la evoluci\u00f3n&#8221; del posoperatorio, si bien el club conf\u00eda en que su reincorporaci\u00f3n &#8220;sea lo antes posible&#8221;.<\/p>\n<p style=\"text-align: center;\"><span style=\"color: #3366ff;\"><a href=\"https:\/\/www.futboltotal.com.mx\/futbol-internacional\/liga-de-italia\/milan-anuncia-la-salida-montella-llegada-gattuso\/2017\/11\">VER M\u00c1S: Milan anuncia la salida de Montella y llegada de Gattuso<\/a><\/span><\/p>\n<p>El argentino, con 48 a\u00f1os reci\u00e9n cumplidos, dirigi\u00f3 este lunes la vuelta al trabajo de su equipo tras ganar el domingo en<strong> Villarreal<\/strong> (2-3), aunque debido a su intervenci\u00f3n en el encuentro de este mi\u00e9rcoles frente al Cartagena, en la vuelta de los dieciseisavos de final de la <strong>Copa del Rey<\/strong>, ya ser\u00e1 Marcucci el que se siente en el banquillo.<\/p>\n<p>El mi\u00e9rcoles d\u00eda 22, la entidad sevillista inform\u00f3 de la enfermedad de su entrenador, explic\u00f3 que ser\u00eda Berizzo el que decidiera sobre su tratamiento y le traslad\u00f3 su &#8220;m\u00e1ximo apoyo&#8221; en estos momentos, adem\u00e1s de desearle &#8220;una pronta recuperaci\u00f3n&#8221;.<\/p>\n<p>El t\u00e9cnico y exfutbolista de <strong>Cruz Alta<\/strong> (Provincia de C\u00f3rdoba, Argentina) lleg\u00f3 esta temporada al Sevilla despu\u00e9s de su estancia en las tres campa\u00f1as anteriores en el <strong>Celta de Vigo<\/strong>. Con anterioridad, tambi\u00e9n dirigi\u00f3 al <strong>Estudiantes de La Plata<\/strong> de su pa\u00eds y al <strong>O&#8217;Higgins<\/strong> chileno.<\/p>\n<p>Nada m\u00e1s conocerse su enfermedad, el mundo del deporte y del f\u00fatbol, en especial, se volc\u00f3 con innumerables mensajes de apoyo, a trav\u00e9s de las redes sociales o en conferencias de prensa, dirigidos a Eduardo &#8220;Toto&#8221; Berizzo, con etiquetas en Twitter como #AguanteToto o #FuerzaBerizzo que se situaron entre las de m\u00e1xima tendencia en Espa\u00f1a. EFE<\/p>\n<p style=\"text-align: center;\"><span style=\"color: #3366ff;\"><a href=\"https:\/\/www.futboltotal.com.mx\/futbol-mexicano\/liga-mx\/paco-jemez-deja-en-aire-continuidad-en-cruz-azul\/2017\/11\">VER M\u00c1S: Paco J\u00e9mez deja en el aire su continuidad en el Cruz Azul<\/a><\/span><\/p>\n","protected":false},"excerpt":{"rendered":"<p>El argentino ser\u00e1 operado este martes y estar\u00e1 ausente algunos partidos.<\/p>\n","protected":false},"author":129,"featured_media":455765,"comment_status":"closed","ping_status":"closed","sticky":false,"template":"","format":"standard","meta":[],"categories":[3839,3844],"tags":[9216,1913,49],"_links":{"self":[{"href":"http:\/\/desarrollo.grupomedios.com\/futbol\/wp-json\/wp\/v2\/posts\/510630"}],"collection":[{"href":"http:\/\/desarrollo.grupomedios.com\/futbol\/wp-json\/wp\/v2\/posts"}],"about":[{"href":"http:\/\/desarrollo.grupomedios.com\/futbol\/wp-json\/wp\/v2\/types\/post"}],"author":[{"embeddable":true,"href":"http:\/\/desarrollo.grupomedios.com\/futbol\/wp-json\/wp\/v2\/users\/129"}],"replies":[{"embeddable":true,"href":"http:\/\/desarrollo.grupomedios.com\/futbol\/wp-json\/wp\/v2\/comments?post=510630"}],"version-history":[{"count":1,"href":"http:\/\/desarrollo.grupomedios.com\/futbol\/wp-json\/wp\/v2\/posts\/510630\/revisions"}],"predecessor-version":[{"id":510631,"href":"http:\/\/desarrollo.grupomedios.com\/futbol\/wp-json\/wp\/v2\/posts\/510630\/revisions\/510631"}],"wp:featuredmedia":[{"embeddable":true,"href":"http:\/\/desarrollo.grupomedios.com\/futbol\/wp-json\/wp\/v2\/media\/455765"}],"wp:attachment":[{"href":"http:\/\/desarrollo.grupomedios.com\/futbol\/wp-json\/wp\/v2\/media?parent=510630"}],"wp:term":[{"taxonomy":"category","embeddable":true,"href":"http:\/\/desarrollo.grupomedios.com\/futbol\/wp-json\/wp\/v2\/categories?post=510630"},{"taxonomy":"post_tag","embeddable":true,"href":"http:\/\/desarrollo.grupomedios.com\/futbol\/wp-json\/wp\/v2\/tags?post=510630"}],"curies":[{"name":"wp","href":"https:\/\/api.w.org\/{rel}","templated":true}]}}