{"id":510651,"date":"2017-11-27T14:12:36","date_gmt":"2017-11-27T20:12:36","guid":{"rendered":"https:\/\/www.futboltotal.com.mx\/?p=510651"},"modified":"2017-11-27T14:12:36","modified_gmt":"2017-11-27T20:12:36","slug":"jorge-sampaoli-revela-sus-candidatos-mundial-2018","status":"publish","type":"post","link":"http:\/\/desarrollo.grupomedios.com\/futbol\/futbol-internacional\/jorge-sampaoli-revela-sus-candidatos-mundial-2018\/2017\/11","title":{"rendered":"Jorge Sampaoli revela sus candidatos para el Mundial 2018"},"content":{"rendered":"<p>El <strong>seleccionador de Argentina<\/strong>, <strong>Jorge Sampaoli<\/strong>, dijo hoy que <strong>Brasil<\/strong>, <strong>Francia<\/strong> y <strong>Espa\u00f1a<\/strong> est\u00e1n &#8220;un paso delante&#8221; de la <strong>Albiceleste<\/strong> ante el<strong> Mundial de Rusia 2018<\/strong> y que no le gusta como juega Alemania.<\/p>\n<p>&#8220;Para m\u00ed, Brasil, Francia y Espa\u00f1a est\u00e1n un paso delante de Argentina, por tiempo de trabajo. No nombro Alemania no porque me olvide, sino porque no me gusta como juega&#8221;, dijo Sampaoli en una rueda de prensa ante estudiantes de periodismo de la escuela Tea y Deportea.<\/p>\n<p>El exentrenador del Sevilla sostuvo adem\u00e1s que el capit\u00e1n albiceleste, <strong>Lionel Messi<\/strong>, es el \u00fanico jugador &#8220;intocable&#8221;.<\/p>\n<p style=\"text-align: center;\"><span style=\"color: #3366ff;\"><a href=\"https:\/\/www.futboltotal.com.mx\/futbol-mexicano\/liga-mx\/los-memes-cruz-azul-vuelven-la-liguilla\/2017\/11\">VER M\u00c1S: Los Memes de Cruz Azul vuelven en la Liguilla<\/a><\/span><\/p>\n<p>&#8220;No dud\u00e9 en venir a dirigir a la selecci\u00f3n argentina porque eso conllevaba dirigir al mejor del mundo, Leo Messi&#8221;, a\u00f1adi\u00f3.<\/p>\n<p>Tambi\u00e9n revel\u00f3 que dialog\u00f3 con Dar\u00edo Benedetto, delantero centro de Argentina y del Boca Juniors que sufri\u00f3 la rotura del ligamento cruzado anterior de la rodilla derecha.<\/p>\n<p>&#8220;Ahora su prioridad tiene que ser volver, lamentablemente no va a poder competir en las mismas condiciones que los otros delanteros&#8221;, sostuvo.<\/p>\n<p>La lesi\u00f3n de Benedetto le abre las puertas nuevamente a Gonzalo Higua\u00edn, que no fue convocado en los \u00faltimos encuentros porque, para Sampaoli, &#8220;no estaba para afrontar el desaf\u00edo a corto plazo que era la clasificaci\u00f3n para el Mundial&#8221; porque, dijo, &#8220;ten\u00eda una carga emotiva negativa con el hincha argentino&#8221;.<\/p>\n<p>&#8220;Lo habl\u00e9 con \u00e9l personalmente. En el corto plazo en el que est\u00e1bamos era complicado el tema de Higua\u00edn. Ahora estamos en el mediano plazo y creo que puede ser un jugador importante&#8221;, adelant\u00f3.<\/p>\n<p style=\"text-align: center;\"><span style=\"color: #3366ff;\"><a href=\"https:\/\/www.futboltotal.com.mx\/futbol-internacional\/liga-de-italia\/milan-anuncia-la-salida-montella-llegada-gattuso\/2017\/11\">VER M\u00c1S: Milan anuncia la salida de Montella y llegada de Gattuso<\/a><\/span><\/p>\n<p>&#8220;No vamos a tener inconvenientes en la elecci\u00f3n de los centrodelanteros para el Mundial porque tenemos muchos en gran nivel. No pasa lo mismo con los laterales&#8221;, a\u00f1adi\u00f3.<\/p>\n<p>El que fuera seleccionador de Chile en el Mundial de Brasil 2014 dijo que en la Copa del Mundo de Rusia 2018 Argentina &#8220;va a atacar con seis jugadores y defender con cuatro&#8221; y que el &#8220;sistema puede ser variable&#8221;.<\/p>\n<p>&#8220;Pod\u00e9s jugar 2-3-2-3 a veces, depende del rival&#8221;, sostuvo. EFE<\/p>\n","protected":false},"excerpt":{"rendered":"<p>El t\u00e9cnico argentino tambi\u00e9n habl\u00f3 sobre la selecci\u00f3n de Alemania.<\/p>\n","protected":false},"author":129,"featured_media":510652,"comment_status":"closed","ping_status":"closed","sticky":false,"template":"","format":"standard","meta":[],"categories":[3839],"tags":[6000,5996,6009,253,413,4520],"_links":{"self":[{"href":"http:\/\/desarrollo.grupomedios.com\/futbol\/wp-json\/wp\/v2\/posts\/510651"}],"collection":[{"href":"http:\/\/desarrollo.grupomedios.com\/futbol\/wp-json\/wp\/v2\/posts"}],"about":[{"href":"http:\/\/desarrollo.grupomedios.com\/futbol\/wp-json\/wp\/v2\/types\/post"}],"author":[{"embeddable":true,"href":"http:\/\/desarrollo.grupomedios.com\/futbol\/wp-json\/wp\/v2\/users\/129"}],"replies":[{"embeddable":true,"href":"http:\/\/desarrollo.grupomedios.com\/futbol\/wp-json\/wp\/v2\/comments?post=510651"}],"version-history":[{"count":1,"href":"http:\/\/desarrollo.grupomedios.com\/futbol\/wp-json\/wp\/v2\/posts\/510651\/revisions"}],"predecessor-version":[{"id":510653,"href":"http:\/\/desarrollo.grupomedios.com\/futbol\/wp-json\/wp\/v2\/posts\/510651\/revisions\/510653"}],"wp:featuredmedia":[{"embeddable":true,"href":"http:\/\/desarrollo.grupomedios.com\/futbol\/wp-json\/wp\/v2\/media\/510652"}],"wp:attachment":[{"href":"http:\/\/desarrollo.grupomedios.com\/futbol\/wp-json\/wp\/v2\/media?parent=510651"}],"wp:term":[{"taxonomy":"category","embeddable":true,"href":"http:\/\/desarrollo.grupomedios.com\/futbol\/wp-json\/wp\/v2\/categories?post=510651"},{"taxonomy":"post_tag","embeddable":true,"href":"http:\/\/desarrollo.grupomedios.com\/futbol\/wp-json\/wp\/v2\/tags?post=510651"}],"curies":[{"name":"wp","href":"https:\/\/api.w.org\/{rel}","templated":true}]}}