{"id":510676,"date":"2017-11-28T08:32:03","date_gmt":"2017-11-28T14:32:03","guid":{"rendered":"https:\/\/www.futboltotal.com.mx\/?p=510676"},"modified":"2017-11-28T08:32:03","modified_gmt":"2017-11-28T14:32:03","slug":"chapecoense-sigue-reconstruccion-casi-ano-despues-la-tragedia","status":"publish","type":"post","link":"http:\/\/desarrollo.grupomedios.com\/futbol\/destacado-home\/chapecoense-sigue-reconstruccion-casi-ano-despues-la-tragedia\/2017\/11","title":{"rendered":"Chapecoense sigue su reconstrucci\u00f3n casi un a\u00f1o despu\u00e9s de la tragedia"},"content":{"rendered":"<p>Casi despu\u00e9s de la tragedia que acab\u00f3 con la mayor\u00eda de sus futbolistas, cuerpo t\u00e9cnico y directiva, el <strong>Chapecoense<\/strong> busca recuperar la normalidad como club ante los fantasmas de la tragedia que van apareciendo en forma de noticias sobre las investigaciones y el pago de las indemnizaciones.<\/p>\n<p>El club del sur de <strong>Brasil<\/strong> fue sin duda uno de los m\u00e1s seguidos en todo el mundo este a\u00f1o a ra\u00edz de la tragedia a\u00e9rea, recibiendo homenajes en todos los pa\u00edses (<strong>Argentina, Colombia, Uruguay, Venezuela, Jap\u00f3n, Espa\u00f1a, Italia<\/strong> y <strong>Francia<\/strong>) que visit\u00f3 para disputar competiciones oficiales y amistosos.<\/p>\n<p>A nivel deportivo, el Chapecoense logr\u00f3 la permanencia en la <strong>Serie A brasile\u00f1a<\/strong> en un a\u00f1o que, como se preve\u00eda, fue muy complicado, con un equipo nuevo hecho en pocas semanas.<\/p>\n<p><iframe loading=\"lazy\" src=\"https:\/\/www.youtube.com\/embed\/bdfKUxCOrCA?feature=oembed\" frameborder=\"0\" gesture=\"media\" allowfullscreen><\/iframe><\/p>\n<p>La directiva encomend\u00f3 las riendas del equipo a Vagner Mancini, que logr\u00f3 el Campeonato regional de Santa Catarina y vio como un error administrativo, por alineaci\u00f3n indebida, eliminaba el equipo verde de la Copa Libertadores, la m\u00e1xima competici\u00f3n continental y en la que debutaba.<\/p>\n<p>Tras llegar a liderar el Campeonato Brasile\u00f1o en las primeras jornadas, el Chapecoense acab\u00f3 pagando un calendario muy cargado de partidos y competiciones (disput\u00f3 siete campeonatos oficiales), unido a amistosos-homenaje en Barcelona, Lyon y Roma en plena temporada que pasaron factura f\u00edsicamente posteriormente.<\/p>\n<p>El declive del juego y resultados se tradujo en una pol\u00e9mica destituci\u00f3n de Vagner Mancini a inicios de julio y la llegada de Vinicius Eutr\u00f3pio, quien tampoco mejor\u00f3 los resultados. Tras un breve per\u00edodo con el interino Cris Emerson, Gilson Kleina fue el responsable de lograr la preciada salvaci\u00f3n.<\/p>\n<blockquote class=\"twitter-video\" data-lang=\"es\">\n<p dir=\"ltr\" lang=\"pt\">E A COMEMORA\u00c7\u00c3O N\u00c3O PODIA SER DIFERENTE!! &#x1f3f9;\u26bd&#x1f49a;<br \/>\nChapecoense garantida no Brasileir\u00e3o S\u00e9rie A 2018!!<br \/>\nVAAAAAMOS, VAMOS CHAPEEEE!! <a href=\"https:\/\/twitter.com\/hashtag\/VamosChape?src=hash&amp;ref_src=twsrc%5Etfw\">#VamosChape<\/a> <a href=\"https:\/\/twitter.com\/hashtag\/Brasileirao2017?src=hash&amp;ref_src=twsrc%5Etfw\">#Brasileirao2017<\/a> <a href=\"https:\/\/t.co\/zVvFUnrThk\">pic.twitter.com\/zVvFUnrThk<\/a><\/p>\n<p>\u2014 Chapecoense #PraSempreChape (@ChapecoenseReal) <a href=\"https:\/\/twitter.com\/ChapecoenseReal\/status\/931324938551808000?ref_src=twsrc%5Etfw\">17 de noviembre de 2017<\/a><\/p><\/blockquote>\n<p><script async src=\"https:\/\/platform.twitter.com\/widgets.js\" charset=\"utf-8\"><\/script><\/p>\n<p>Otra noticia relevante este a\u00f1o en el terreno deportivo fue el regreso al c\u00e9sped de Alan Ruschel, uno de los tres jugadores sobrevivientes del accidente.<\/p>\n<p>En agosto, el jugador, de 28 a\u00f1os, volvi\u00f3 a disputar un partido al salir de inicio contra el Barcelona en el Camp Nou, y semanas m\u00e1s tarde, regres\u00f3 a la competici\u00f3n oficial en el Campeonato Brasile\u00f1o, recibiendo sonoras ovaciones tanto de su afici\u00f3n como en cada estadio que ha visitado desde su regreso.<\/p>\n<p><iframe loading=\"lazy\" src=\"https:\/\/www.youtube.com\/embed\/oiIa5bx1-a4?feature=oembed\" frameborder=\"0\" gesture=\"media\" allowfullscreen><\/iframe><\/p>\n<p>No tuvieron tanta suerte <strong>H\u00e9lio Neto<\/strong> (32 a\u00f1os), que tras varias operaciones, todav\u00eda no ha conseguido volver a vestirse de corto, algo que debe hacer finalmente en 2018, ni el portero <strong>Jackson Follmann<\/strong>, de 25 a\u00f1os y que perdi\u00f3 una pierna en el accidente.<\/p>\n<p>La sombra de la tragedia no abandon\u00f3 en ning\u00fan momento el club de Chapec\u00f3, con el avance de las investigaciones sobre la tragedia.<\/p>\n<p>Recientemente, la <strong>Fiscal\u00eda del estado de Santa Catarina<\/strong> divulg\u00f3 que tiene indicios que el avi\u00f3n estrellado no ser\u00eda propiedad de la compa\u00f1\u00eda boliviana LaMia, como se pensaba hasta ahora, sino del exsenador venezolano <strong>Ricardo Albacete<\/strong>.<\/p>\n<p>Un a\u00f1o despu\u00e9s de la tragedia, las familias de las v\u00edctimas todav\u00eda no recibieron ninguna indemnizaci\u00f3n, y todo indica que el camino para cobrarla ser\u00e1 largo.<\/p>\n<p>Entre los propios abogados de los familiares de las v\u00edctimas no hay un consenso sobre c\u00f3mo actuar. &#8220;Creo que est\u00e1 muy dif\u00edcil porque no tenemos a qui\u00e9n procesar todav\u00eda&#8221;, admiti\u00f3 recientemente <strong>Dauro Lesnik,<\/strong> abogado de una de las v\u00edctimas.<\/p>\n<p>Por su parte, <strong>Joel de Paiva<\/strong>, director de la Asociaci\u00f3n Brasile\u00f1a de las V\u00edctimas del Accidente de la Chapecoense (Abravic) afirm\u00f3 que &#8220;el proceso en Bolivia no es recomendable. Entonces ser\u00e1 un proceso aqu\u00ed en Brasil para buscar una indemnizaci\u00f3n contra los responsables&#8221;.<\/p>\n<p>En octubre, el club divulg\u00f3 que dar\u00eda 11.010 reales (3.408 d\u00f3lares) a cada una de las 68 familias de las v\u00edctimas del accidente, con el dinero recaudado con los amistosos disputados ante el Barcelona y el Roma y por haber jugado la <strong>Copa Suruga<\/strong> en <strong>Jap\u00f3n<\/strong>.<\/p>\n<p>El dinero donado es la mitad de todo lo recaudado por el Chapecoense, que se qued\u00f3 con la otra mitad para &#8220;ayudar a reconstruir&#8221; el club.<\/p>\n<p>El tr\u00e1gico accidente ocurri\u00f3 la noche del 28 de noviembre en las cercan\u00edas de <strong>Medell\u00edn<\/strong>, donde el Chapecoense deb\u00eda jugar la ida de la <strong>Copa Sudamericana<\/strong> contra el <strong>Atl\u00e9tico Nacional.<\/strong><\/p>\n<p>Seg\u00fan las investigaciones, el avi\u00f3n en el que viajaba la expedici\u00f3n y que hab\u00eda salido de Santa Cruz de la Sierra (Bolivia), se qued\u00f3 sin combustible y se estrell\u00f3 a pocos kil\u00f3metros de su destino final. En \u00e9l viajaban 77 personas (68 pasajeros y 9 tripulantes).<\/p>\n<p>En el accidente murieron 71 personas y apenas seis sobrevivieron. Diecinueve de las v\u00edctimas eran futbolistas del Chapecoense, otras 25 eran t\u00e9cnicos y directivos del club, 20 eran profesionales de los medios de comunicaci\u00f3n y otros siete eran miembros de la tripulaci\u00f3n. EFE<\/p>\n","protected":false},"excerpt":{"rendered":"<p>Casi despu\u00e9s de la tragedia que acab\u00f3 con la mayor\u00eda de sus futbolistas, cuerpo t\u00e9cnico y directiva, el Chapecoense busca recuperar la normalidad como club ante los fantasmas de la tragedia que van apareciendo en forma de noticias sobre las investigaciones y el pago de las indemnizaciones. El club del sur de Brasil fue sin [&hellip;]<\/p>\n","protected":false},"author":129,"featured_media":510680,"comment_status":"closed","ping_status":"closed","sticky":false,"template":"","format":"standard","meta":[],"categories":[5,3839],"tags":[7668,6214,11271],"_links":{"self":[{"href":"http:\/\/desarrollo.grupomedios.com\/futbol\/wp-json\/wp\/v2\/posts\/510676"}],"collection":[{"href":"http:\/\/desarrollo.grupomedios.com\/futbol\/wp-json\/wp\/v2\/posts"}],"about":[{"href":"http:\/\/desarrollo.grupomedios.com\/futbol\/wp-json\/wp\/v2\/types\/post"}],"author":[{"embeddable":true,"href":"http:\/\/desarrollo.grupomedios.com\/futbol\/wp-json\/wp\/v2\/users\/129"}],"replies":[{"embeddable":true,"href":"http:\/\/desarrollo.grupomedios.com\/futbol\/wp-json\/wp\/v2\/comments?post=510676"}],"version-history":[{"count":1,"href":"http:\/\/desarrollo.grupomedios.com\/futbol\/wp-json\/wp\/v2\/posts\/510676\/revisions"}],"predecessor-version":[{"id":510681,"href":"http:\/\/desarrollo.grupomedios.com\/futbol\/wp-json\/wp\/v2\/posts\/510676\/revisions\/510681"}],"wp:featuredmedia":[{"embeddable":true,"href":"http:\/\/desarrollo.grupomedios.com\/futbol\/wp-json\/wp\/v2\/media\/510680"}],"wp:attachment":[{"href":"http:\/\/desarrollo.grupomedios.com\/futbol\/wp-json\/wp\/v2\/media?parent=510676"}],"wp:term":[{"taxonomy":"category","embeddable":true,"href":"http:\/\/desarrollo.grupomedios.com\/futbol\/wp-json\/wp\/v2\/categories?post=510676"},{"taxonomy":"post_tag","embeddable":true,"href":"http:\/\/desarrollo.grupomedios.com\/futbol\/wp-json\/wp\/v2\/tags?post=510676"}],"curies":[{"name":"wp","href":"https:\/\/api.w.org\/{rel}","templated":true}]}}