{"id":510687,"date":"2017-11-27T18:26:10","date_gmt":"2017-11-28T00:26:10","guid":{"rendered":"https:\/\/www.futboltotal.com.mx\/?p=510687"},"modified":"2017-11-27T18:26:10","modified_gmt":"2017-11-28T00:26:10","slug":"rayados-monterrey-prioridad-a-orbelin-pineda","status":"publish","type":"post","link":"http:\/\/desarrollo.grupomedios.com\/futbol\/futbol-mexicano\/rayados-monterrey-prioridad-a-orbelin-pineda\/2017\/11","title":{"rendered":"Rayados de Monterrey tiene como prioridad a Orbel\u00edn Pineda"},"content":{"rendered":"<p><strong>POR: STAFF FT<\/strong><\/p>\n<p><strong>Chivas de Guadalajara<\/strong> parece que ser\u00e1 uno de los equipos m\u00e1s activos en el pr\u00f3ximo mercado de fichajes, pues <strong>Mat\u00edas Almeyd<\/strong>a ha dado una lista de fichajes que desea para el Reba\u00f1o, sin embargo de igual manera otros equipos han mostrado inter\u00e9s en hacerse con los servicios de las piezas que tiene y todo indica que<strong> Rayados de Monterrey<\/strong> va por una de sus &#8216;joyas&#8217; para el<strong> Clausura 2018<\/strong>.<\/p>\n<div class=\"connatix\">\n<p>\u00a0De acuerdo con informaci\u00f3n del periodista, David Medrano, el cuadro norte\u00f1o har\u00e1 todo lo posible por fichar al mediocampista Rojiblanco, <strong>Orbel\u00edn Pineda<\/strong>, quien es uno de los m\u00e1s pretendidos del mercado, pues <strong>Cruz Azul<\/strong> tambi\u00e9n desea hacerse con sus servicios. Los regios intentar\u00edan utilizar a su favor el inter\u00e9s de <strong>Chivas<\/strong> por el defensa central.<\/p>\n<div style=\"text-align: center;\">\n<p><a href=\"https:\/\/www.futboltotal.com.mx\/futbol-internacional\/liga-de-espana\/real-madrid-fichara-a-anthony-martial\/2017\/11\" target=\"_blank\" rel=\"noopener\">VER M\u00c1S: Anthony Martial, en la mira del Real Madrid<\/a><\/p>\n<div class=\"connatix\">\n<p style=\"text-align: left;\">El estratega de Rayados, <strong>Antonio &#8216;Turco&#8217; Mohamed<\/strong> tendr\u00eda como prioridad para el pr\u00f3ximo torneo al mediocampista de Chivas, pues su segunda opci\u00f3n era <strong>Walter\u00a0Gael Sandoval<\/strong>, quien ya fue contratado por los de Guadalajara y ahora buscar\u00e1 robarle al futbolista ex de Quer\u00e9taro.<\/p>\n<p style=\"text-align: left;\" data-label=\"Soltar aqu\u00ed\">Los de Monterrey estar\u00edan ofreciendo de<strong> 2.5 a 5 millones de d\u00f3lares<\/strong> por el futbolista a Chivas, aunque un jugador podr\u00eda entrar dentro de la transacci\u00f3n para terminar de convencer al Reba\u00f1o de soltar a uno de sus mejores futbolistas.<\/p>\n<p data-label=\"Soltar aqu\u00ed\"><a href=\"https:\/\/www.futboltotal.com.mx\/futbol-mexicano\/liga-mx\/joffre-guerron-dejaria-pumas-jugar-en-ecuador\/2017\/11\" target=\"_blank\" rel=\"noopener\">VER M\u00c1S: Joffre Guerr\u00f3n dejar\u00eda Pumas para regresar al futbol de Ecuador<\/a><\/p>\n<\/div>\n<\/div>\n<\/div>\n","protected":false},"excerpt":{"rendered":"<p>El mediocampista es una prioridad para el Turco Mohamed<\/p>\n","protected":false},"author":159,"featured_media":510689,"comment_status":"closed","ping_status":"closed","sticky":false,"template":"","format":"standard","meta":[],"categories":[2198,3845],"tags":[70,9028,64,6546,1329],"_links":{"self":[{"href":"http:\/\/desarrollo.grupomedios.com\/futbol\/wp-json\/wp\/v2\/posts\/510687"}],"collection":[{"href":"http:\/\/desarrollo.grupomedios.com\/futbol\/wp-json\/wp\/v2\/posts"}],"about":[{"href":"http:\/\/desarrollo.grupomedios.com\/futbol\/wp-json\/wp\/v2\/types\/post"}],"author":[{"embeddable":true,"href":"http:\/\/desarrollo.grupomedios.com\/futbol\/wp-json\/wp\/v2\/users\/159"}],"replies":[{"embeddable":true,"href":"http:\/\/desarrollo.grupomedios.com\/futbol\/wp-json\/wp\/v2\/comments?post=510687"}],"version-history":[{"count":1,"href":"http:\/\/desarrollo.grupomedios.com\/futbol\/wp-json\/wp\/v2\/posts\/510687\/revisions"}],"predecessor-version":[{"id":510690,"href":"http:\/\/desarrollo.grupomedios.com\/futbol\/wp-json\/wp\/v2\/posts\/510687\/revisions\/510690"}],"wp:featuredmedia":[{"embeddable":true,"href":"http:\/\/desarrollo.grupomedios.com\/futbol\/wp-json\/wp\/v2\/media\/510689"}],"wp:attachment":[{"href":"http:\/\/desarrollo.grupomedios.com\/futbol\/wp-json\/wp\/v2\/media?parent=510687"}],"wp:term":[{"taxonomy":"category","embeddable":true,"href":"http:\/\/desarrollo.grupomedios.com\/futbol\/wp-json\/wp\/v2\/categories?post=510687"},{"taxonomy":"post_tag","embeddable":true,"href":"http:\/\/desarrollo.grupomedios.com\/futbol\/wp-json\/wp\/v2\/tags?post=510687"}],"curies":[{"name":"wp","href":"https:\/\/api.w.org\/{rel}","templated":true}]}}