{"id":510697,"date":"2017-11-28T08:49:16","date_gmt":"2017-11-28T14:49:16","guid":{"rendered":"https:\/\/www.futboltotal.com.mx\/?p=510697"},"modified":"2017-11-28T08:50:00","modified_gmt":"2017-11-28T14:50:00","slug":"este-sera-el-nuevo-balon-de-la-champions-league","status":"publish","type":"post","link":"http:\/\/desarrollo.grupomedios.com\/futbol\/futbol-internacional\/este-sera-el-nuevo-balon-de-la-champions-league\/2017\/11","title":{"rendered":"Este ser\u00e1 el nuevo bal\u00f3n para la Champions League"},"content":{"rendered":"<p><strong>POR: STAFF FT<\/strong><\/p>\n<p>El bal\u00f3n para la pr\u00f3xima edici\u00f3n de la <strong>UEFA Champions League<\/strong> fue filtrado y de forma sorprendente han decidido cambiar su dise\u00f1o tradicional para darle un nuevo estilo, de acuerdo a una imagen que se filtr\u00f3 y se ha hecho viral en redes, teniendo opiniones divididas por parte de los aficionados.<\/p>\n<p>El sitio\u00a0FootyHeadlines lanz\u00f3 una fotograf\u00eda donde se detalla c\u00f3mo ser\u00e1 el bal\u00f3n de la <strong>Champions League<\/strong> para la pr\u00f3xima edici\u00f3n del torneo de <strong>UEFA<\/strong>, en donde abandonar\u00e1n su tradicional blanco para dar paso a un azul predominante en todo el esf\u00e9rico y las estrellas ser\u00edan las que pasaran al tono blanco.<\/p>\n<p style=\"text-align: center;\"><a href=\"https:\/\/www.futboltotal.com.mx\/futbol-mexicano\/liga-mx\/gustavo-matosas-chepo-la-torre-otros-dts-busca-cruz-azul\/2017\/11\">VER M\u00c1S: Matosas y Chepo, otros DTs que busca Cruz Azul<\/a><\/p>\n<p>Este nuevo esf\u00e9rico se dar\u00eda a conocer en el mes de agosto del 2018 y por lo dem\u00e1s el dise\u00f1o de la marca<strong> adidas<\/strong> se mantendr\u00eda intacto, pero si se trata de un cambio significativo, pues en ocasiones anteriores lo que resaltaba y cambiaba de tono por dem\u00e1s eran las estrellas del esf\u00e9rico.<\/p>\n<div id=\"attachment_510698\" style=\"width: 560px\" class=\"wp-caption aligncenter\"><img aria-describedby=\"caption-attachment-510698\" decoding=\"async\" loading=\"lazy\" class=\"size-full wp-image-510698\" src=\"https:\/\/www.futboltotal.com.mx\/wp-content\/uploads\/2017\/11\/champions-balon.jpg\" alt=\"El esf\u00e9rico se te\u00f1ir\u00e1 de color azul\" srcset=\"http:\/\/desarrollo.grupomedios.com\/futbol\/wp-content\/uploads\/2017\/11\/champions-balon.jpg 550w, http:\/\/desarrollo.grupomedios.com\/futbol\/wp-content\/uploads\/2017\/11\/champions-balon-150x150.jpg 150w, http:\/\/desarrollo.grupomedios.com\/futbol\/wp-content\/uploads\/2017\/11\/champions-balon-300x300.jpg 300w\" sizes=\"(max-width: 550px) 100vw, 550px\" \/><p id=\"caption-attachment-510698\" class=\"wp-caption-text\">Este ser\u00e1 el bal\u00f3n de la Champions League en la edici\u00f3n 2018-2019<\/p><\/div>\n<p style=\"text-align: center;\"><a href=\"https:\/\/www.futboltotal.com.mx\/futbol-mexicano\/liga-mx\/rayados-monterrey-prioridad-a-orbelin-pineda\/2017\/11\">VER M\u00c1S: Rayados de Monterrey tiene como prioridad a Orbel\u00edn Pineda<\/a><\/p>\n<\/div>\n<div data-twitter-event-id=\"0\"><\/div>\n<div data-twitter-event-id=\"0\"><\/div>\n","protected":false},"excerpt":{"rendered":"<p>El esf\u00e9rico se te\u00f1ir\u00e1 de azul para la pr\u00f3xima edici\u00f3n <\/p>\n","protected":false},"author":159,"featured_media":510699,"comment_status":"closed","ping_status":"closed","sticky":false,"template":"","format":"standard","meta":[],"categories":[3841,3839],"tags":[1560,5772,36],"_links":{"self":[{"href":"http:\/\/desarrollo.grupomedios.com\/futbol\/wp-json\/wp\/v2\/posts\/510697"}],"collection":[{"href":"http:\/\/desarrollo.grupomedios.com\/futbol\/wp-json\/wp\/v2\/posts"}],"about":[{"href":"http:\/\/desarrollo.grupomedios.com\/futbol\/wp-json\/wp\/v2\/types\/post"}],"author":[{"embeddable":true,"href":"http:\/\/desarrollo.grupomedios.com\/futbol\/wp-json\/wp\/v2\/users\/159"}],"replies":[{"embeddable":true,"href":"http:\/\/desarrollo.grupomedios.com\/futbol\/wp-json\/wp\/v2\/comments?post=510697"}],"version-history":[{"count":2,"href":"http:\/\/desarrollo.grupomedios.com\/futbol\/wp-json\/wp\/v2\/posts\/510697\/revisions"}],"predecessor-version":[{"id":510701,"href":"http:\/\/desarrollo.grupomedios.com\/futbol\/wp-json\/wp\/v2\/posts\/510697\/revisions\/510701"}],"wp:featuredmedia":[{"embeddable":true,"href":"http:\/\/desarrollo.grupomedios.com\/futbol\/wp-json\/wp\/v2\/media\/510699"}],"wp:attachment":[{"href":"http:\/\/desarrollo.grupomedios.com\/futbol\/wp-json\/wp\/v2\/media?parent=510697"}],"wp:term":[{"taxonomy":"category","embeddable":true,"href":"http:\/\/desarrollo.grupomedios.com\/futbol\/wp-json\/wp\/v2\/categories?post=510697"},{"taxonomy":"post_tag","embeddable":true,"href":"http:\/\/desarrollo.grupomedios.com\/futbol\/wp-json\/wp\/v2\/tags?post=510697"}],"curies":[{"name":"wp","href":"https:\/\/api.w.org\/{rel}","templated":true}]}}