{"id":510714,"date":"2017-11-28T10:35:36","date_gmt":"2017-11-28T16:35:36","guid":{"rendered":"https:\/\/www.futboltotal.com.mx\/?p=510714"},"modified":"2017-11-28T10:35:36","modified_gmt":"2017-11-28T16:35:36","slug":"jemez-revela-los-motivos-los-siguio-cruz-azul","status":"publish","type":"post","link":"http:\/\/desarrollo.grupomedios.com\/futbol\/futbol-mexicano\/jemez-revela-los-motivos-los-siguio-cruz-azul\/2017\/11","title":{"rendered":"J\u00e9mez revela los motivos por los que no sigui\u00f3 con Cruz Azul"},"content":{"rendered":"<p>El entrenador espa\u00f1ol <strong>Paco J\u00e9mez<\/strong>, quien termin\u00f3 el lunes su relaci\u00f3n laboral con el <strong>Cruz Azul<\/strong> mexicano, dijo hoy que tras lograr los objetivos que el club le encomend\u00f3 tom\u00f3 la decisi\u00f3n de regresar a <strong>Espa\u00f1a<\/strong>, en la que antepuso a su familia.<\/p>\n<p>&#8220;Cuando vine a Cruz Azul (diciembre de 2016) ya sab\u00edamos desde ese momento que era complicado que pudi\u00e9ramos estar m\u00e1s de un a\u00f1o sobre todo por el tema familiar&#8221;, dijo J\u00e9mez en entrevista al programa <em>ESPN AM<\/em> de la cadena deportiva estadounidense.<\/p>\n<p>&#8220;Deportivamente me hubiera encantado seguir en Cruz Azul porque este proyecto empieza a andar y se pueden lograr cosas importantes, pero en este momento ten\u00eda que poner por delante los intereses de mi familia a mis intereses y a los deportivos&#8221;, ampli\u00f3.<\/p>\n<p style=\"text-align: center;\"><a href=\"https:\/\/www.futboltotal.com.mx\/futbol-mexicano\/liga-mx\/francisco-palencia-se-declara-listo-para-dirigir-a-cruz-azul\/2017\/11\"><span style=\"color: #3366ff;\">VER M\u00c1S: Francisco Palencia se declara listo para dirigir a Cruz Azul<\/span><\/a><\/p>\n<p>Record\u00f3 que en un principio solo quer\u00eda firmar por seis meses (<strong>Torneo Clausura 2017<\/strong>), pero le pidieron al menos un a\u00f1o para cumplir algunos objetivos con el equipo.<\/p>\n<p>&#8220;Entend\u00eda que un a\u00f1o fuera y lejos de la familia iba ser dif\u00edcil que se pudiera prorrogar. Esa idea permanec\u00eda en mi cabeza y ayer que me sent\u00e9 con el director deportivo le dije que era el momento de volver a Espa\u00f1a, como lo hab\u00edamos acordado&#8221;, cont\u00f3.<\/p>\n<p>Se dijo &#8220;muy orgulloso&#8221; de cumplir en M\u00e9xico &#8220;un a\u00f1o muy dif\u00edcil y complicado, pero bonito y de una experiencia fant\u00e1stica&#8221;.<\/p>\n<p>J\u00e9mez dijo que la decisi\u00f3n &#8220;fue una de las m\u00e1s dif\u00edciles&#8221; que le ha tocado tomar &#8220;porque no era en torno a un aspecto deportivo&#8221;.<\/p>\n<p>&#8220;Despu\u00e9s de un a\u00f1o fuera de mi casa. Lo importante, despu\u00e9s de estar lejos de mis hijas, mi mujer, mis padres, era volver&#8221;, apunt\u00f3.<\/p>\n<p>Cont\u00f3 que baraj\u00f3 la opci\u00f3n de llevar a su familia a M\u00e9xico, pero la calific\u00f3 de &#8220;complicada y dif\u00edcil&#8221;, porque una de sus hijas vive en Madrid y la otra en La Coru\u00f1a, aunque el club se lo propuso para que el continuar\u00e1 a gusto al frente del equipo.<\/p>\n<p style=\"text-align: center;\"><a href=\"https:\/\/www.futboltotal.com.mx\/futbol-mexicano\/liga-mx\/rayados-monterrey-prioridad-a-orbelin-pineda\/2017\/11\"><span style=\"color: #3366ff;\">VER M\u00c1S: Rayados de Monterrey tiene como prioridad a Orbel\u00edn Pineda<\/span><\/a><\/p>\n<p>El estratega, de 47 a\u00f1os y quien dej\u00f3 su huella en M\u00e9xico por el estilo de su equipo y por ser directo con la prensa, afirm\u00f3 que dentro de Cruz Azul se dio cuenta de todo lo que se mueve alrededor del equipo y la presi\u00f3n que existe.<\/p>\n<p>&#8220;Tienes la sensaci\u00f3n de que el pasado te aplasta. Es muy dif\u00edcil competir en este equipo, mucho m\u00e1s dif\u00edcil que en otro porque siempre hay gente que intenta derrumbar todo lo que luchas&#8221;, expuso.<\/p>\n<p>J\u00e9mez lleg\u00f3 con el objetivo de regresar al equipo a la liguilla por el t\u00edtulo, a la que no avanz\u00f3 en los \u00faltimos seis torneos, lo cual consigui\u00f3 en el actual Apertura 2017, pero el equipo fue eliminado el domingo por el <strong>Am\u00e9rica<\/strong> en cuartos de final.<\/p>\n<p><img decoding=\"async\" loading=\"lazy\" class=\"alignnone size-full wp-image-506304\" src=\"https:\/\/www.futboltotal.com.mx\/wp-content\/uploads\/2017\/10\/billy-alvarez-regano-paco-jemez.jpg\" alt=\"J\u00e9mez revela los motivos por los que no sigui\u00f3 con Cruz Azul 0\" srcset=\"http:\/\/desarrollo.grupomedios.com\/futbol\/wp-content\/uploads\/2017\/10\/billy-alvarez-regano-paco-jemez.jpg 1136w, http:\/\/desarrollo.grupomedios.com\/futbol\/wp-content\/uploads\/2017\/10\/billy-alvarez-regano-paco-jemez-300x169.jpg 300w, http:\/\/desarrollo.grupomedios.com\/futbol\/wp-content\/uploads\/2017\/10\/billy-alvarez-regano-paco-jemez-768x432.jpg 768w, http:\/\/desarrollo.grupomedios.com\/futbol\/wp-content\/uploads\/2017\/10\/billy-alvarez-regano-paco-jemez-1024x576.jpg 1024w, http:\/\/desarrollo.grupomedios.com\/futbol\/wp-content\/uploads\/2017\/10\/billy-alvarez-regano-paco-jemez-393x221.jpg 393w\" sizes=\"(max-width: 1136px) 100vw, 1136px\" \/><\/p>\n<p>Coment\u00f3 que tuvo que luchar por quitarse la presi\u00f3n de hablar de darle un potencial t\u00edtulo al equipo, el cual no se consigue desde hace 20 a\u00f1os cuando gan\u00f3 el Torneo Invierno 1997.<\/p>\n<p>&#8220;Cruz Azul es un club muy dif\u00edcil para trabajar y conseguir cosas, sobre todo cuando tienes un pasado como una losa que te presiona la cual, o te olvidas de ella o te aplasta&#8221;, se\u00f1al\u00f3.<\/p>\n<p>De los objetivos que consigui\u00f3 con el equipo, J\u00e9mez remarc\u00f3 el pase a la fase final y destac\u00f3 el profesionalismo de los jugadores y el equipo en cuanto a m\u00e9todos trabajo, entrenamiento y alimentaci\u00f3n y concentraciones, adem\u00e1s de que la afici\u00f3n se volvi\u00f3 a conectar con el Cruz Azul. EFE<\/p>\n","protected":false},"excerpt":{"rendered":"<p>El t\u00e9cnico espa\u00f1ol puso prioridad a su familia.<\/p>\n","protected":false},"author":129,"featured_media":493809,"comment_status":"closed","ping_status":"closed","sticky":false,"template":"","format":"standard","meta":[],"categories":[2198,3845],"tags":[5962,3883,64,7053],"_links":{"self":[{"href":"http:\/\/desarrollo.grupomedios.com\/futbol\/wp-json\/wp\/v2\/posts\/510714"}],"collection":[{"href":"http:\/\/desarrollo.grupomedios.com\/futbol\/wp-json\/wp\/v2\/posts"}],"about":[{"href":"http:\/\/desarrollo.grupomedios.com\/futbol\/wp-json\/wp\/v2\/types\/post"}],"author":[{"embeddable":true,"href":"http:\/\/desarrollo.grupomedios.com\/futbol\/wp-json\/wp\/v2\/users\/129"}],"replies":[{"embeddable":true,"href":"http:\/\/desarrollo.grupomedios.com\/futbol\/wp-json\/wp\/v2\/comments?post=510714"}],"version-history":[{"count":1,"href":"http:\/\/desarrollo.grupomedios.com\/futbol\/wp-json\/wp\/v2\/posts\/510714\/revisions"}],"predecessor-version":[{"id":510715,"href":"http:\/\/desarrollo.grupomedios.com\/futbol\/wp-json\/wp\/v2\/posts\/510714\/revisions\/510715"}],"wp:featuredmedia":[{"embeddable":true,"href":"http:\/\/desarrollo.grupomedios.com\/futbol\/wp-json\/wp\/v2\/media\/493809"}],"wp:attachment":[{"href":"http:\/\/desarrollo.grupomedios.com\/futbol\/wp-json\/wp\/v2\/media?parent=510714"}],"wp:term":[{"taxonomy":"category","embeddable":true,"href":"http:\/\/desarrollo.grupomedios.com\/futbol\/wp-json\/wp\/v2\/categories?post=510714"},{"taxonomy":"post_tag","embeddable":true,"href":"http:\/\/desarrollo.grupomedios.com\/futbol\/wp-json\/wp\/v2\/tags?post=510714"}],"curies":[{"name":"wp","href":"https:\/\/api.w.org\/{rel}","templated":true}]}}