{"id":510720,"date":"2017-11-28T11:16:09","date_gmt":"2017-11-28T17:16:09","guid":{"rendered":"https:\/\/www.futboltotal.com.mx\/?p=510720"},"modified":"2017-11-28T11:16:09","modified_gmt":"2017-11-28T17:16:09","slug":"cavani-denunciado-despido-injustificado","status":"publish","type":"post","link":"http:\/\/desarrollo.grupomedios.com\/futbol\/futbol-internacional\/cavani-denunciado-despido-injustificado\/2017\/11","title":{"rendered":"Cavani es denunciado por un &#8216;despido injustificado&#8217;"},"content":{"rendered":"<p>El futbolista uruguayo<strong> Edinson Cavani,<\/strong> delantero del <strong>Paris Saint-Germain<\/strong>, est\u00e1 citado hoy a comparecer ante un tribunal de <strong>N\u00e1poles<\/strong>, sur de <strong>Italia<\/strong>, despu\u00e9s de que su antiguo colaborador <strong>Giuseppe Spinosa<\/strong> le haya denunciado por despido improcedente.<\/p>\n<p><strong>Spinosa<\/strong> le reclama una indemnizaci\u00f3n de entre 90.000 y 100.000 euros. El excolaborador ha denunciado a Cavani por el trato recibido durante los tres a\u00f1os que permaneci\u00f3 a su lado, tiempo en el que cobr\u00f3 sus prestaciones sin declararlas.<\/p>\n<p>Adem\u00e1s, Spinosa no perdona que fuera despedido sin previo aviso y, en su opini\u00f3n, sin ninguna raz\u00f3n justificada por el delantero uruguayo, tal y como explic\u00f3 recientemente en una entrevista con el diario italiano <em>Cronache di Napoli<\/em>.<\/p>\n<p style=\"text-align: center;\"><span style=\"color: #3366ff;\"><a href=\"https:\/\/www.futboltotal.com.mx\/futbol-internacional\/liga-de-espana\/real-madrid-esta-negociando-con-david-luiz\/2017\/11\">VER M\u00c1S: Real Madrid est\u00e1 negociando con David Luiz<\/a><\/span><\/p>\n<p>&#8220;Hace dos a\u00f1os, despu\u00e9s de tres a\u00f1os de colaboraci\u00f3n continua, Cavani decidi\u00f3 prescindir de mis servicios. Le ped\u00ed explicaciones pero nunca me quiso decir por qu\u00e9 me desped\u00eda. En 24 horas me encontr\u00e9 sin trabajo&#8221;, lament\u00f3 el excolaborador.<\/p>\n<p>El uruguayo, que conquist\u00f3 con su selecci\u00f3n la <strong>Copa Am\u00e9rica 2011<\/strong>, jug\u00f3 en Italia con el <strong>Palermo<\/strong> desde enero 2007 y hasta el verano de 2010, momento en el que fich\u00f3 por el N\u00e1poles.<\/p>\n<p>En el club napolitano permaneci\u00f3 tres a\u00f1os, hasta 2013, cuando ingres\u00f3 en las filas del conjunto franc\u00e9s<strong> Paris Saint-Germain<\/strong> por 64 millones de euros.<\/p>\n<p>&#8220;Me ocupaba de todo, le hac\u00eda de ch\u00f3fer, le pagaba las facturas. Antes de la separaci\u00f3n me ocupaba tambi\u00e9n de su mujer y de sus hijos. Para Cavani estaba disponible las 24 horas del d\u00eda&#8221;, subray\u00f3 Spinosa.<\/p>\n<p style=\"text-align: center;\"><span style=\"color: #3366ff;\"><a href=\"https:\/\/www.futboltotal.com.mx\/futbol-internacional\/liga-de-italia\/luis-enrique-seria-dt-del-ac-milan-en-2018\/2017\/11\">VER M\u00c1S: Luis Enrique ser\u00eda DT del AC Milan en 2018<\/a><\/span><\/p>\n<p>Un trabajo que, a su parecer, no fue reconocido como merec\u00eda y por ello ahora le reclama una indemnizaci\u00f3n que oscila entre los 90.000 y los 100.000 euros, seg\u00fan informan los medios italianos. EFE<\/p>\n","protected":false},"excerpt":{"rendered":"<p>El uruguayo estar\u00e1 declarando en Italia.<\/p>\n","protected":false},"author":129,"featured_media":423900,"comment_status":"closed","ping_status":"closed","sticky":false,"template":"","format":"standard","meta":[],"categories":[3839,9609],"tags":[6037,6214,292,359,114,503],"_links":{"self":[{"href":"http:\/\/desarrollo.grupomedios.com\/futbol\/wp-json\/wp\/v2\/posts\/510720"}],"collection":[{"href":"http:\/\/desarrollo.grupomedios.com\/futbol\/wp-json\/wp\/v2\/posts"}],"about":[{"href":"http:\/\/desarrollo.grupomedios.com\/futbol\/wp-json\/wp\/v2\/types\/post"}],"author":[{"embeddable":true,"href":"http:\/\/desarrollo.grupomedios.com\/futbol\/wp-json\/wp\/v2\/users\/129"}],"replies":[{"embeddable":true,"href":"http:\/\/desarrollo.grupomedios.com\/futbol\/wp-json\/wp\/v2\/comments?post=510720"}],"version-history":[{"count":1,"href":"http:\/\/desarrollo.grupomedios.com\/futbol\/wp-json\/wp\/v2\/posts\/510720\/revisions"}],"predecessor-version":[{"id":510721,"href":"http:\/\/desarrollo.grupomedios.com\/futbol\/wp-json\/wp\/v2\/posts\/510720\/revisions\/510721"}],"wp:featuredmedia":[{"embeddable":true,"href":"http:\/\/desarrollo.grupomedios.com\/futbol\/wp-json\/wp\/v2\/media\/423900"}],"wp:attachment":[{"href":"http:\/\/desarrollo.grupomedios.com\/futbol\/wp-json\/wp\/v2\/media?parent=510720"}],"wp:term":[{"taxonomy":"category","embeddable":true,"href":"http:\/\/desarrollo.grupomedios.com\/futbol\/wp-json\/wp\/v2\/categories?post=510720"},{"taxonomy":"post_tag","embeddable":true,"href":"http:\/\/desarrollo.grupomedios.com\/futbol\/wp-json\/wp\/v2\/tags?post=510720"}],"curies":[{"name":"wp","href":"https:\/\/api.w.org\/{rel}","templated":true}]}}