{"id":510730,"date":"2017-11-28T12:45:57","date_gmt":"2017-11-28T18:45:57","guid":{"rendered":"https:\/\/www.futboltotal.com.mx\/?p=510730"},"modified":"2017-11-29T10:38:54","modified_gmt":"2017-11-29T16:38:54","slug":"nahuel-vs-marchesin-duelo-albiceleste-en-liguilla","status":"publish","type":"post","link":"http:\/\/desarrollo.grupomedios.com\/futbol\/destacado-home\/nahuel-vs-marchesin-duelo-albiceleste-en-liguilla\/2017\/11","title":{"rendered":"Cara a cara: Nahuel vs Marches\u00edn, duelo albiceleste en Liguilla"},"content":{"rendered":"<p>Una de las semifinales del <strong>Apertura 2017<\/strong> es entre<strong> Tigres UANL y el Club Am\u00e9rica<\/strong>, los clubes que tienen a dos seleccionados de <strong>Argentina<\/strong>, siendo sus arqueros dos hombres que seguramente ser\u00e1n protagonistas en estos dos duelos, lis mismos n\u00fameros indican que ambos guardametas han sido principales protagonistas de sus conjuntos.<\/p>\n<p><strong>Nahuel Guzm\u00e1n y Agust\u00edn Marches\u00edn<\/strong> son dos porteros que han\u00a0 llegado a M\u00e9xico a robarse el protagonismo, pues sus atajadas han sido importantes en sus actuales conjuntos y que los ha llevado a arrebatarse el cari\u00f1o de sus aficionados, por lo que su papel en el duelo ser\u00e1 de vital importancia.<\/p>\n<p style=\"text-align: center;\"><a href=\"https:\/\/www.futboltotal.com.mx\/futbol-mexicano\/liga-mx\/tigres-interesado-en-ecuatoriano-jefferson-orejuela\/2017\/11\">VER M\u00c1S: Tigres, interesado en ecuatoriano Jefferson Orejuela<\/a><\/p>\n<p><strong>\u00bfQui\u00e9n saldr\u00e1 vencedor en este duelo bajo los tres palos?<\/strong><\/p>\n<div id=\"attachment_510731\" style=\"width: 868px\" class=\"wp-caption aligncenter\"><img aria-describedby=\"caption-attachment-510731\" decoding=\"async\" loading=\"lazy\" class=\"size-full wp-image-510731\" src=\"https:\/\/www.futboltotal.com.mx\/wp-content\/uploads\/2017\/11\/nahualmarchesin.jpg\" alt=\"Tigres y Am\u00e9rica se enfrentan en la semifinal de la Liguilla MX\" srcset=\"http:\/\/desarrollo.grupomedios.com\/futbol\/wp-content\/uploads\/2017\/11\/nahualmarchesin.jpg 858w, http:\/\/desarrollo.grupomedios.com\/futbol\/wp-content\/uploads\/2017\/11\/nahualmarchesin-274x300.jpg 274w, http:\/\/desarrollo.grupomedios.com\/futbol\/wp-content\/uploads\/2017\/11\/nahualmarchesin-768x841.jpg 768w\" sizes=\"(max-width: 858px) 100vw, 858px\" \/><p id=\"caption-attachment-510731\" class=\"wp-caption-text\"><\/strong> Nahuel Guzm\u00e1n y Agust\u00edn Marches\u00edn tendr\u00e1n duelo en el Tigres vs Am\u00e9rica<\/p><\/div>\n<p><strong><\/strong><\/p>\n<p style=\"text-align: center;\"><a href=\"https:\/\/www.futboltotal.com.mx\/futbol-internacional\/liga-de-espana\/real-madrid-esta-negociando-con-david-luiz\/2017\/11\">VER M\u00c1S: Real Madrid est\u00e1 negociando con David Luiz<\/a><\/p>\n","protected":false},"excerpt":{"rendered":"<p>El duelo bajo los tres palos ser\u00e1 determinante en el Tigres vs Am\u00e9rica<\/p>\n","protected":false},"author":159,"featured_media":510732,"comment_status":"closed","ping_status":"closed","sticky":false,"template":"","format":"standard","meta":[],"categories":[5,7570,2198,3845],"tags":[6118,1774,64,6129,570],"_links":{"self":[{"href":"http:\/\/desarrollo.grupomedios.com\/futbol\/wp-json\/wp\/v2\/posts\/510730"}],"collection":[{"href":"http:\/\/desarrollo.grupomedios.com\/futbol\/wp-json\/wp\/v2\/posts"}],"about":[{"href":"http:\/\/desarrollo.grupomedios.com\/futbol\/wp-json\/wp\/v2\/types\/post"}],"author":[{"embeddable":true,"href":"http:\/\/desarrollo.grupomedios.com\/futbol\/wp-json\/wp\/v2\/users\/159"}],"replies":[{"embeddable":true,"href":"http:\/\/desarrollo.grupomedios.com\/futbol\/wp-json\/wp\/v2\/comments?post=510730"}],"version-history":[{"count":1,"href":"http:\/\/desarrollo.grupomedios.com\/futbol\/wp-json\/wp\/v2\/posts\/510730\/revisions"}],"predecessor-version":[{"id":510734,"href":"http:\/\/desarrollo.grupomedios.com\/futbol\/wp-json\/wp\/v2\/posts\/510730\/revisions\/510734"}],"wp:featuredmedia":[{"embeddable":true,"href":"http:\/\/desarrollo.grupomedios.com\/futbol\/wp-json\/wp\/v2\/media\/510732"}],"wp:attachment":[{"href":"http:\/\/desarrollo.grupomedios.com\/futbol\/wp-json\/wp\/v2\/media?parent=510730"}],"wp:term":[{"taxonomy":"category","embeddable":true,"href":"http:\/\/desarrollo.grupomedios.com\/futbol\/wp-json\/wp\/v2\/categories?post=510730"},{"taxonomy":"post_tag","embeddable":true,"href":"http:\/\/desarrollo.grupomedios.com\/futbol\/wp-json\/wp\/v2\/tags?post=510730"}],"curies":[{"name":"wp","href":"https:\/\/api.w.org\/{rel}","templated":true}]}}