{"id":510737,"date":"2017-11-28T13:49:54","date_gmt":"2017-11-28T19:49:54","guid":{"rendered":"https:\/\/www.futboltotal.com.mx\/?p=510737"},"modified":"2017-11-28T13:49:54","modified_gmt":"2017-11-28T19:49:54","slug":"chivas-daria-jugador-a-pachuca-retener-a-rodolfo-cota","status":"publish","type":"post","link":"http:\/\/desarrollo.grupomedios.com\/futbol\/futbol-mexicano\/chivas-daria-jugador-a-pachuca-retener-a-rodolfo-cota\/2017\/11","title":{"rendered":"Chivas dar\u00eda jugador a Pachuca para retener a Rodolfo Cota"},"content":{"rendered":"<p>POR: STAFF FT<\/p>\n<p>La novela entre <strong>Chivas de Guadalajara<\/strong> y los<strong> Tuzos de Pachuca<\/strong> por el guardameta <strong>Rodolfo Cota<\/strong> parece que llegar\u00e1 a buen puerto muy pronto, pues luego que los hidalguenses accedieran a bajar el precio de su futbolista, ahora estar\u00edan a punto de cerrar el acuerdo a cambio de una joya de la cantera<strong> Rojiblanca<\/strong> en el pr\u00f3ximo mercado de fichajes con miras en el pr\u00f3ximo torneo <strong>Clausura 2018<\/strong>, sin embargo todo debe esperar a que termine el <strong>Mundial de Clubes<\/strong>.<\/p>\n<p style=\"text-align: center;\"><a href=\"https:\/\/www.futboltotal.com.mx\/futbol-mexicano\/liga-mx\/nahuel-vs-marchesin-duelo-albiceleste-en-liguilla\/2017\/11\">VER M\u00c1S: Cara a cara: Nahuel vs Marches\u00edn, duelo albiceleste en Liguilla<\/a><\/p>\n<p>En primera instancia la directiva Tuza hab\u00eda bajado la carta de Cota de 8 millones de d\u00f3lares a seis, pero ahora han rebajado a\u00fan m\u00e1s la cantidad que piden, la cual ser\u00eda de<strong> 3 millones de d\u00f3lares<\/strong>, pero a cambio desean al futbolista, <strong>Alejandro Mayorga,<\/strong> cambio que tendr\u00eda muchas posibilidades de realizarse, de acuerdo al diario r\u00e9cord.<\/p>\n<p>El juvenil Rojiblanco ha representado a la<strong> Selecci\u00f3n Mexicana<\/strong> en las categor\u00edas<strong> sub-17 y sub-20,<\/strong> debut\u00f3 en el m\u00e1ximo circuito este <strong>Apertura 2017<\/strong> ante los Rayos del Necaxa, luego que el estratega <strong>Mat\u00edas Almeyda<\/strong> pidiera su incorporaci\u00f3n en la plantilla, este fue el \u00fanico partido en el que vio acci\u00f3n y lo hizo por cuarenta y cinco minutos.<\/p>\n<p style=\"text-align: center;\"><a href=\"https:\/\/www.futboltotal.com.mx\/futbol-mexicano\/liga-mx\/tigres-interesado-en-ecuatoriano-jefferson-orejuela\/2017\/11\">VER M\u00c1S: Tigres, interesado en ecuatoriano Jefferson Orejuela<\/a><\/p>\n<p>&nbsp;<\/p>\n","protected":false},"excerpt":{"rendered":"<p>El guardameta se quedar\u00eda finalmente en el cuadro Rojiblanco<\/p>\n","protected":false},"author":159,"featured_media":510740,"comment_status":"closed","ping_status":"closed","sticky":false,"template":"","format":"standard","meta":[],"categories":[2198,3845],"tags":[8732,70,64,5968,6920],"_links":{"self":[{"href":"http:\/\/desarrollo.grupomedios.com\/futbol\/wp-json\/wp\/v2\/posts\/510737"}],"collection":[{"href":"http:\/\/desarrollo.grupomedios.com\/futbol\/wp-json\/wp\/v2\/posts"}],"about":[{"href":"http:\/\/desarrollo.grupomedios.com\/futbol\/wp-json\/wp\/v2\/types\/post"}],"author":[{"embeddable":true,"href":"http:\/\/desarrollo.grupomedios.com\/futbol\/wp-json\/wp\/v2\/users\/159"}],"replies":[{"embeddable":true,"href":"http:\/\/desarrollo.grupomedios.com\/futbol\/wp-json\/wp\/v2\/comments?post=510737"}],"version-history":[{"count":1,"href":"http:\/\/desarrollo.grupomedios.com\/futbol\/wp-json\/wp\/v2\/posts\/510737\/revisions"}],"predecessor-version":[{"id":510742,"href":"http:\/\/desarrollo.grupomedios.com\/futbol\/wp-json\/wp\/v2\/posts\/510737\/revisions\/510742"}],"wp:featuredmedia":[{"embeddable":true,"href":"http:\/\/desarrollo.grupomedios.com\/futbol\/wp-json\/wp\/v2\/media\/510740"}],"wp:attachment":[{"href":"http:\/\/desarrollo.grupomedios.com\/futbol\/wp-json\/wp\/v2\/media?parent=510737"}],"wp:term":[{"taxonomy":"category","embeddable":true,"href":"http:\/\/desarrollo.grupomedios.com\/futbol\/wp-json\/wp\/v2\/categories?post=510737"},{"taxonomy":"post_tag","embeddable":true,"href":"http:\/\/desarrollo.grupomedios.com\/futbol\/wp-json\/wp\/v2\/tags?post=510737"}],"curies":[{"name":"wp","href":"https:\/\/api.w.org\/{rel}","templated":true}]}}