{"id":510756,"date":"2017-11-28T17:02:25","date_gmt":"2017-11-28T23:02:25","guid":{"rendered":"https:\/\/www.futboltotal.com.mx\/?p=510756"},"modified":"2017-11-28T17:02:25","modified_gmt":"2017-11-28T23:02:25","slug":"chivas-tendra-nuevo-patrocinador-en-estadio-camiseta","status":"publish","type":"post","link":"http:\/\/desarrollo.grupomedios.com\/futbol\/futbol-mexicano\/chivas-tendra-nuevo-patrocinador-en-estadio-camiseta\/2017\/11","title":{"rendered":"Chivas tendr\u00e1 nuevo patrocinador en estadio y camiseta"},"content":{"rendered":"<p>Las <strong>Chivas<\/strong> tendr\u00e1n nuevo patrocinador y nombre para su estadio, adem\u00e1s de un nuevo sponsor para su camiseta a partir del pr\u00f3ximo torneo de <strong>Clausura 2018<\/strong>.<\/p>\n<p>Y es que la casa del <strong>Guadalajara<\/strong> cambiar\u00e1 de nombre para el pr\u00f3ximo semestre y dejar\u00e1 de llamarse<strong> Estadio Chivas<\/strong> tras la llegada de los aceites Akron como nuevo patrocinador del <strong>Reba\u00f1o Sagrado.<\/strong><\/p>\n<p>Seg\u00fan informa el periodista de <em>TV Azteca<\/em>, <strong>David Medrano<\/strong>, en las pr\u00f3ximas horas se har\u00e1 el anuncio oficial del nuevo patrocinador del club rojiblanco.<\/p>\n<p style=\"text-align: center;\"><span style=\"color: #3366ff;\"><a href=\"https:\/\/www.futboltotal.com.mx\/futbol-mexicano\/liga-mx\/chivas-daria-jugador-a-pachuca-retener-a-rodolfo-cota\/2017\/11\">VER M\u00c1S: Chivas dar\u00eda jugador a Pachuca para retener a Rodolfo Cota<\/a><\/span><\/p>\n<blockquote class=\"twitter-tweet\" data-width=\"500\">\n<p lang=\"es\" dir=\"ltr\">Se confirma lo adelantado el s\u00e1bado en Record. El estadio de Chivas se llamar\u00e1 Akroon y ma\u00f1ana les cuento de un patrocinio que ir\u00e1 en la camiseta y lo que tuvo que pagar.<\/p>\n<p>&mdash; david medrano (@medranoazteca) <a href=\"https:\/\/twitter.com\/medranoazteca\/status\/935582900124307457?ref_src=twsrc%5Etfw\">November 28, 2017<\/a><\/p><\/blockquote>\n<p><script async src=\"https:\/\/platform.twitter.com\/widgets.js\" charset=\"utf-8\"><\/script><\/p>\n<p>Con el acuerdo alcanzado por <strong>Jorge Vergara<\/strong> con la empresa de lubricantes y aceites propiedad de los herederos de don Salvador Mart\u00ednez Garza, la Fortaleza pasar\u00e1 a llamarse Estadio Akron.<\/p>\n<p>En los pr\u00f3ximos d\u00edas se har\u00eda oficial el nuevo acuerdo de patrocinio que traer\u00eda importantes recursos econ\u00f3micos a las arcas del club.<\/p>\n<p><img decoding=\"async\" loading=\"lazy\" class=\"alignnone size-full wp-image-510771\" src=\"https:\/\/www.futboltotal.com.mx\/wp-content\/uploads\/2017\/11\/sancachivas.jpg\" alt=\"Chivas tendr\u00e1 nuevo patrocinador en estadio y camiseta 0\" srcset=\"http:\/\/desarrollo.grupomedios.com\/futbol\/wp-content\/uploads\/2017\/11\/sancachivas.jpg 1080w, http:\/\/desarrollo.grupomedios.com\/futbol\/wp-content\/uploads\/2017\/11\/sancachivas-300x275.jpg 300w, http:\/\/desarrollo.grupomedios.com\/futbol\/wp-content\/uploads\/2017\/11\/sancachivas-768x703.jpg 768w, http:\/\/desarrollo.grupomedios.com\/futbol\/wp-content\/uploads\/2017\/11\/sancachivas-1024x938.jpg 1024w\" sizes=\"(max-width: 1080px) 100vw, 1080px\" \/><\/p>\n","protected":false},"excerpt":{"rendered":"<p>El Reba\u00f1o cambiar\u00e1 de nombre a su &#8216;Fortaleza&#8217;<\/p>\n","protected":false},"author":129,"featured_media":476354,"comment_status":"closed","ping_status":"closed","sticky":false,"template":"","format":"standard","meta":[],"categories":[2198,3845],"tags":[70,9028,10106,5963,64],"_links":{"self":[{"href":"http:\/\/desarrollo.grupomedios.com\/futbol\/wp-json\/wp\/v2\/posts\/510756"}],"collection":[{"href":"http:\/\/desarrollo.grupomedios.com\/futbol\/wp-json\/wp\/v2\/posts"}],"about":[{"href":"http:\/\/desarrollo.grupomedios.com\/futbol\/wp-json\/wp\/v2\/types\/post"}],"author":[{"embeddable":true,"href":"http:\/\/desarrollo.grupomedios.com\/futbol\/wp-json\/wp\/v2\/users\/129"}],"replies":[{"embeddable":true,"href":"http:\/\/desarrollo.grupomedios.com\/futbol\/wp-json\/wp\/v2\/comments?post=510756"}],"version-history":[{"count":1,"href":"http:\/\/desarrollo.grupomedios.com\/futbol\/wp-json\/wp\/v2\/posts\/510756\/revisions"}],"predecessor-version":[{"id":510774,"href":"http:\/\/desarrollo.grupomedios.com\/futbol\/wp-json\/wp\/v2\/posts\/510756\/revisions\/510774"}],"wp:featuredmedia":[{"embeddable":true,"href":"http:\/\/desarrollo.grupomedios.com\/futbol\/wp-json\/wp\/v2\/media\/476354"}],"wp:attachment":[{"href":"http:\/\/desarrollo.grupomedios.com\/futbol\/wp-json\/wp\/v2\/media?parent=510756"}],"wp:term":[{"taxonomy":"category","embeddable":true,"href":"http:\/\/desarrollo.grupomedios.com\/futbol\/wp-json\/wp\/v2\/categories?post=510756"},{"taxonomy":"post_tag","embeddable":true,"href":"http:\/\/desarrollo.grupomedios.com\/futbol\/wp-json\/wp\/v2\/tags?post=510756"}],"curies":[{"name":"wp","href":"https:\/\/api.w.org\/{rel}","templated":true}]}}