{"id":510779,"date":"2017-11-28T18:05:25","date_gmt":"2017-11-29T00:05:25","guid":{"rendered":"https:\/\/www.futboltotal.com.mx\/?p=510779"},"modified":"2017-11-28T18:05:25","modified_gmt":"2017-11-29T00:05:25","slug":"tigres-la-ilusion-estar-en-una-nueva-final","status":"publish","type":"post","link":"http:\/\/desarrollo.grupomedios.com\/futbol\/futbol-mexicano\/tigres-la-ilusion-estar-en-una-nueva-final\/2017\/11","title":{"rendered":"Tigres, con la ilusi\u00f3n de estar en una nueva Final"},"content":{"rendered":"<p><strong>POR: STAFF FT<\/strong><\/p>\n<p>Los <strong>Tigres<\/strong> llegaron a la Ciudad de M\u00e9xico para encarar el duelo de ida de las semifinales del <strong>Torneo Apertura 2017<\/strong> contra las <em>\u00c1guilas<\/em> del <strong>Am\u00e9rica<\/strong>.<\/p>\n<p>Los universitarios se dieron el tiempo para atender a los aficionados que estuvieron presentes en la llegada de la escuadra regiomontana.<\/p>\n<p>Jugadores como <strong>Andr\u00e9-Pierre Gignac y Javier Aquino<\/strong> se detuvieron con los aficionados para tomarse &#8220;selfies&#8221;.<\/p>\n<p style=\"text-align: center;\"><span style=\"color: #333399;\"><a href=\"https:\/\/www.futboltotal.com.mx\/videos\/america-una-venganza-navidena-ante-tigres\/2017\/11\">VER M\u00c1S: <span class=\"item-title\">Am\u00e9rica, \u00bfpor una \u2018venganza\u2019 navide\u00f1a ante Tigres?<\/span><\/a><\/span><\/p>\n<p>El presidente de los Tigres, el ing. <strong>Alejandro Rodr\u00edguez<\/strong> afirm\u00f3 que &#8220;el equipo llega con ilusi\u00f3n, con ganas, con la posibilidad de llegar a una Final, pero vamos a enfrentar a un gran rival como Am\u00e9rica&#8221;.<\/p>\n<p>El juego de ida entre Tigres y Am\u00e9rica ser\u00e1 este mi\u00e9rcoles a las 21:00 horas en la cancha del estadio Azteca.<\/p>\n","protected":false},"excerpt":{"rendered":"<p>La escuadra regiomontana buscar\u00e1 dar el primer golpe en el estadio Azteca<\/p>\n","protected":false},"author":160,"featured_media":510780,"comment_status":"closed","ping_status":"closed","sticky":false,"template":"","format":"standard","meta":[],"categories":[2198,3845],"tags":[5959,8357,64,1046,1711,5973],"_links":{"self":[{"href":"http:\/\/desarrollo.grupomedios.com\/futbol\/wp-json\/wp\/v2\/posts\/510779"}],"collection":[{"href":"http:\/\/desarrollo.grupomedios.com\/futbol\/wp-json\/wp\/v2\/posts"}],"about":[{"href":"http:\/\/desarrollo.grupomedios.com\/futbol\/wp-json\/wp\/v2\/types\/post"}],"author":[{"embeddable":true,"href":"http:\/\/desarrollo.grupomedios.com\/futbol\/wp-json\/wp\/v2\/users\/160"}],"replies":[{"embeddable":true,"href":"http:\/\/desarrollo.grupomedios.com\/futbol\/wp-json\/wp\/v2\/comments?post=510779"}],"version-history":[{"count":1,"href":"http:\/\/desarrollo.grupomedios.com\/futbol\/wp-json\/wp\/v2\/posts\/510779\/revisions"}],"predecessor-version":[{"id":510781,"href":"http:\/\/desarrollo.grupomedios.com\/futbol\/wp-json\/wp\/v2\/posts\/510779\/revisions\/510781"}],"wp:featuredmedia":[{"embeddable":true,"href":"http:\/\/desarrollo.grupomedios.com\/futbol\/wp-json\/wp\/v2\/media\/510780"}],"wp:attachment":[{"href":"http:\/\/desarrollo.grupomedios.com\/futbol\/wp-json\/wp\/v2\/media?parent=510779"}],"wp:term":[{"taxonomy":"category","embeddable":true,"href":"http:\/\/desarrollo.grupomedios.com\/futbol\/wp-json\/wp\/v2\/categories?post=510779"},{"taxonomy":"post_tag","embeddable":true,"href":"http:\/\/desarrollo.grupomedios.com\/futbol\/wp-json\/wp\/v2\/tags?post=510779"}],"curies":[{"name":"wp","href":"https:\/\/api.w.org\/{rel}","templated":true}]}}