{"id":510790,"date":"2017-11-28T19:39:11","date_gmt":"2017-11-29T01:39:11","guid":{"rendered":"https:\/\/www.futboltotal.com.mx\/?p=510790"},"modified":"2017-11-29T10:25:42","modified_gmt":"2017-11-29T16:25:42","slug":"cruz-azul-la-mejor-aficion-he-conocido-paco-jemez","status":"publish","type":"post","link":"http:\/\/desarrollo.grupomedios.com\/futbol\/destacado-home\/cruz-azul-la-mejor-aficion-he-conocido-paco-jemez\/2017\/11","title":{"rendered":"Cruz Azul tiene la mejor afici\u00f3n que yo he conocido: Paco J\u00e9mez"},"content":{"rendered":"<p><strong>POR: STAFF FT<\/strong><\/p>\n<p><strong>Francisco J\u00e9mez<\/strong>, ex entrenador de <strong>Cruz Azul<\/strong>, se\u00f1al\u00f3 a su salida del Aeropuerto Internacional de la Ciudad de M\u00e9xico que &#8220;la afici\u00f3n de este equipo es la mejor que yo he conocido en mi vida por la forma en c\u00f3mo los han apoyado en la adversidad&#8221;.<\/p>\n<p>El estratega espa\u00f1ol destac\u00f3 que su experiencia en el <strong>futbol mexicano<\/strong> ha sido muy enriquecedora, donde ha tenido muchas experiencias.<\/p>\n<p>&#8220;Una de las experiencias que m\u00e1s me ha marcado, que me ha dejado este a\u00f1o en M\u00e9xico, <strong>fue el terremoto<\/strong> donde muchas personas desconocidas estuvieron a mi lado y juntos estuvimos apoyando&#8221;, coment\u00f3 J\u00e9mez.<\/p>\n<p style=\"text-align: center;\"><span style=\"color: #333399;\"><a href=\"https:\/\/www.futboltotal.com.mx\/futbol-mexicano\/jemez-revela-los-motivos-los-siguio-cruz-azul\/2017\/11\">VER M\u00c1S: <span class=\"item-title\">J\u00e9mez revela los motivos por los que no sigui\u00f3 con Cruz Azul<\/span><\/a><\/span><\/p>\n<p>Varias fueron las versiones de la salida del entrenador de la M\u00e1quina, pero fue el mismo J\u00e9mez quien declar\u00f3 que su partida hacia Espa\u00f1a tiene una raz\u00f3n muy clara: &#8220;mi familia est\u00e1 antes que nada&#8221;.<\/p>\n<p>&nbsp;<\/p>\n","protected":false},"excerpt":{"rendered":"<p>El estratega espa\u00f1ol afirm\u00f3 que es cosa de tiempo para un campeonato de la M\u00e1quina<\/p>\n","protected":false},"author":160,"featured_media":510791,"comment_status":"closed","ping_status":"closed","sticky":false,"template":"","format":"standard","meta":[],"categories":[5,2198,3845],"tags":[5962,7053],"_links":{"self":[{"href":"http:\/\/desarrollo.grupomedios.com\/futbol\/wp-json\/wp\/v2\/posts\/510790"}],"collection":[{"href":"http:\/\/desarrollo.grupomedios.com\/futbol\/wp-json\/wp\/v2\/posts"}],"about":[{"href":"http:\/\/desarrollo.grupomedios.com\/futbol\/wp-json\/wp\/v2\/types\/post"}],"author":[{"embeddable":true,"href":"http:\/\/desarrollo.grupomedios.com\/futbol\/wp-json\/wp\/v2\/users\/160"}],"replies":[{"embeddable":true,"href":"http:\/\/desarrollo.grupomedios.com\/futbol\/wp-json\/wp\/v2\/comments?post=510790"}],"version-history":[{"count":1,"href":"http:\/\/desarrollo.grupomedios.com\/futbol\/wp-json\/wp\/v2\/posts\/510790\/revisions"}],"predecessor-version":[{"id":510792,"href":"http:\/\/desarrollo.grupomedios.com\/futbol\/wp-json\/wp\/v2\/posts\/510790\/revisions\/510792"}],"wp:featuredmedia":[{"embeddable":true,"href":"http:\/\/desarrollo.grupomedios.com\/futbol\/wp-json\/wp\/v2\/media\/510791"}],"wp:attachment":[{"href":"http:\/\/desarrollo.grupomedios.com\/futbol\/wp-json\/wp\/v2\/media?parent=510790"}],"wp:term":[{"taxonomy":"category","embeddable":true,"href":"http:\/\/desarrollo.grupomedios.com\/futbol\/wp-json\/wp\/v2\/categories?post=510790"},{"taxonomy":"post_tag","embeddable":true,"href":"http:\/\/desarrollo.grupomedios.com\/futbol\/wp-json\/wp\/v2\/tags?post=510790"}],"curies":[{"name":"wp","href":"https:\/\/api.w.org\/{rel}","templated":true}]}}