{"id":510801,"date":"2017-11-29T09:27:44","date_gmt":"2017-11-29T15:27:44","guid":{"rendered":"https:\/\/www.futboltotal.com.mx\/?p=510801"},"modified":"2017-11-29T09:27:44","modified_gmt":"2017-11-29T15:27:44","slug":"hector-moreno-esta-en-la-orbita-del-real-betis","status":"publish","type":"post","link":"http:\/\/desarrollo.grupomedios.com\/futbol\/destacado-home\/hector-moreno-esta-en-la-orbita-del-real-betis\/2017\/11","title":{"rendered":"H\u00e9ctor Moreno est\u00e1 en la \u00f3rbita del Real Betis"},"content":{"rendered":"<p><strong>POR: STAFF FT<\/strong><\/p>\n<p>El defensa central mexicano, <strong>H\u00e9ctor Moreno<\/strong> es uno de los nombres que el <strong>Real Betis<\/strong> tiene en su agenda para reforzar a la parte de atr\u00e1s en el mercado de invierno, pues aprovechar\u00edan que a pesar de ser el primer fichaje de la <strong>AS Roma<\/strong> en la ventana pasada, no ha sido tomado en cuenta, pues ha visto acci\u00f3n en cinco encuentros y en once se ha quedado en la banca. De darse este fichaje volver\u00eda a coincidir con <strong>Andr\u00e9s Guardado<\/strong>, pues ya han jugado juntos en el\u00a0<strong>PSV Eindhoven<\/strong>.<\/p>\n<p style=\"text-align: center;\"><a href=\"https:\/\/www.futboltotal.com.mx\/futbol-internacional\/liga-de-inglaterra\/chicharito-tendra-competencia-west-ham-buscara-delantero\/2017\/11\">VER M\u00c1S: Chicharito tendr\u00e1 competencia, West Ham buscar\u00e1 delantero<\/a><\/p>\n<p>De acuerdo con el portal Grada 3 y AS M\u00e9xico el mismo capit\u00e1n del Tri, <strong>Guardado<\/strong> ser\u00eda quien tendr\u00eda la llave para asegurar la llegada del defensa al cuadro b\u00e9tico, pues aprovechar\u00edan que est\u00e1 necesitado de disputar minutos de cara a la <strong>Copa del Mundo de Rusia 2018<\/strong>, luego de tener seis temporadas consecutivas como un titular, tanto en el <strong>Espanyol de Barcelona<\/strong> como en el\u00a0PSV Eindhoven y ahora solo ha visto acci\u00f3n en<strong> 227 minutos.<\/strong><\/p>\n<p>Por su parte, el conjunto del <strong>Betis<\/strong> est\u00e1 teniendo serios problemas por la parte izquierda de su defensa, pues\u00a0<strong>Zouhair Feddal<\/strong> sigue teniendo problemas f\u00edsicos que le han impedido jugar , mientras que el rumano <strong>Alin To\u0219ca<\/strong>, no est\u00e1 a buen nivel por el momento y el defensa mexicano de 29 a\u00f1os, siendo zurdo puede incluso ocupar el lugar como lateral izquierdo.<\/p>\n<p style=\"text-align: center;\"><a href=\"https:\/\/www.futboltotal.com.mx\/futbol-mexicano\/liga-mx\/cruz-azul-la-mejor-aficion-he-conocido-paco-jemez\/2017\/11\">VER M\u00c1S: Cruz Azul tiene la mejor afici\u00f3n que yo he conocido: Paco J\u00e9mez<\/a><\/p>\n<p>&nbsp;<\/p>\n","protected":false},"excerpt":{"rendered":"<p>El defensa mexicano no ha tenido minutos con la AS Roma<\/p>\n","protected":false},"author":159,"featured_media":510802,"comment_status":"closed","ping_status":"closed","sticky":false,"template":"","format":"standard","meta":[],"categories":[5,3839,3844],"tags":[6046,2618,5987,6114,1192,5958],"_links":{"self":[{"href":"http:\/\/desarrollo.grupomedios.com\/futbol\/wp-json\/wp\/v2\/posts\/510801"}],"collection":[{"href":"http:\/\/desarrollo.grupomedios.com\/futbol\/wp-json\/wp\/v2\/posts"}],"about":[{"href":"http:\/\/desarrollo.grupomedios.com\/futbol\/wp-json\/wp\/v2\/types\/post"}],"author":[{"embeddable":true,"href":"http:\/\/desarrollo.grupomedios.com\/futbol\/wp-json\/wp\/v2\/users\/159"}],"replies":[{"embeddable":true,"href":"http:\/\/desarrollo.grupomedios.com\/futbol\/wp-json\/wp\/v2\/comments?post=510801"}],"version-history":[{"count":1,"href":"http:\/\/desarrollo.grupomedios.com\/futbol\/wp-json\/wp\/v2\/posts\/510801\/revisions"}],"predecessor-version":[{"id":510803,"href":"http:\/\/desarrollo.grupomedios.com\/futbol\/wp-json\/wp\/v2\/posts\/510801\/revisions\/510803"}],"wp:featuredmedia":[{"embeddable":true,"href":"http:\/\/desarrollo.grupomedios.com\/futbol\/wp-json\/wp\/v2\/media\/510802"}],"wp:attachment":[{"href":"http:\/\/desarrollo.grupomedios.com\/futbol\/wp-json\/wp\/v2\/media?parent=510801"}],"wp:term":[{"taxonomy":"category","embeddable":true,"href":"http:\/\/desarrollo.grupomedios.com\/futbol\/wp-json\/wp\/v2\/categories?post=510801"},{"taxonomy":"post_tag","embeddable":true,"href":"http:\/\/desarrollo.grupomedios.com\/futbol\/wp-json\/wp\/v2\/tags?post=510801"}],"curies":[{"name":"wp","href":"https:\/\/api.w.org\/{rel}","templated":true}]}}