{"id":510804,"date":"2017-11-29T10:10:43","date_gmt":"2017-11-29T16:10:43","guid":{"rendered":"https:\/\/www.futboltotal.com.mx\/?p=510804"},"modified":"2017-11-29T10:10:43","modified_gmt":"2017-11-29T16:10:43","slug":"pumas-busca-refuerzo-en-deportivo-la-coruna","status":"publish","type":"post","link":"http:\/\/desarrollo.grupomedios.com\/futbol\/futbol-mexicano\/pumas-busca-refuerzo-en-deportivo-la-coruna\/2017\/11","title":{"rendered":"Pumas busca refuerzo en el Deportivo la Coru\u00f1a"},"content":{"rendered":"<p><strong>POR: STAFF FT<\/strong><\/p>\n<p>Los <strong>Pumas de la UNAM<\/strong> est\u00e1n en busca de sus nuevos elementos para el <strong>Clausura 2018<\/strong> y est\u00e1 interesado en un defensa central espa\u00f1ol que juega en el <strong>Deportivo la Coru\u00f1a<\/strong>, se trata de\u00a0<strong>Alejandro Arribas<\/strong> quien vive momentos complicados en la actualidad, pues fue apartado del equipo debido a un problema en el entrenamiento con uno de sus compa\u00f1eros y la prensa ha comenzado a especular que sus diferencias con el estratega pondr\u00edan su destino lejos de Espa\u00f1a.<\/p>\n<p style=\"text-align: center;\"><a href=\"https:\/\/www.futboltotal.com.mx\/futbol-internacional\/liga-de-espana\/hector-moreno-esta-en-la-orbita-del-real-betis\/2017\/11\">VER M\u00c1S: H\u00e9ctor Moreno est\u00e1 en la \u00f3rbita del Real Betis<\/a><\/p>\n<p>De acuerdo a Onda Cero y diario AS, la llegada de <strong>Crist\u00f3bal<\/strong> al equipo como entrenador lo ha relegado hasta un tercer plano, pues en anteriores procesos hab\u00eda sido la tercera opci\u00f3n en la zaga, convirti\u00e9ndose en el primer cambio natural para la defensa central, pero ahora con <strong>Ra\u00fal<\/strong>\u00a0<strong>Albentosa <\/strong>ha perdido ese puesto por completo y estar\u00eda urgido de buscar un cambio de aires; su futuro podr\u00eda estar en la Liga MX.<\/p>\n<p>El <strong>Deportivo la Coru\u00f1a<\/strong> ya conoce el inter\u00e9s de <strong>Pumas<\/strong> por Arribas, aunque la operaci\u00f3n no parece sencilla pues el futbolista tiene contrato <strong>hasta junio de 2019<\/strong> y el fichaje se dar\u00eda hasta enero, aunque debido a la situaci\u00f3n que atraviesa el jugador con la directiva buscar\u00eda salir en cuanto antes, pues de igual forma el equipo ver\u00eda con buenos ojos<strong> ingresar dinero por la salida del futbolista<\/strong>. De acuerdo con las fuentes dichas, el jugador ya ha tenido contacto con la directiva Felina.<\/p>\n<p style=\"text-align: center;\"><a href=\"https:\/\/www.futboltotal.com.mx\/futbol-internacional\/liga-de-inglaterra\/chicharito-tendra-competencia-west-ham-buscara-delantero\/2017\/11\">VER M\u00c1S: Chicharito tendr\u00e1 competencia, West Ham buscar\u00e1 delantero<\/a><\/p>\n<p>&nbsp;<\/p>\n<p>&nbsp;<\/p>\n","protected":false},"excerpt":{"rendered":"<p>Los universitarios desean al defensa central espa\u00f1ol <\/p>\n","protected":false},"author":159,"featured_media":510808,"comment_status":"closed","ping_status":"closed","sticky":false,"template":"","format":"standard","meta":[],"categories":[2198,3845],"tags":[11279,217,64,74,5976],"_links":{"self":[{"href":"http:\/\/desarrollo.grupomedios.com\/futbol\/wp-json\/wp\/v2\/posts\/510804"}],"collection":[{"href":"http:\/\/desarrollo.grupomedios.com\/futbol\/wp-json\/wp\/v2\/posts"}],"about":[{"href":"http:\/\/desarrollo.grupomedios.com\/futbol\/wp-json\/wp\/v2\/types\/post"}],"author":[{"embeddable":true,"href":"http:\/\/desarrollo.grupomedios.com\/futbol\/wp-json\/wp\/v2\/users\/159"}],"replies":[{"embeddable":true,"href":"http:\/\/desarrollo.grupomedios.com\/futbol\/wp-json\/wp\/v2\/comments?post=510804"}],"version-history":[{"count":1,"href":"http:\/\/desarrollo.grupomedios.com\/futbol\/wp-json\/wp\/v2\/posts\/510804\/revisions"}],"predecessor-version":[{"id":510810,"href":"http:\/\/desarrollo.grupomedios.com\/futbol\/wp-json\/wp\/v2\/posts\/510804\/revisions\/510810"}],"wp:featuredmedia":[{"embeddable":true,"href":"http:\/\/desarrollo.grupomedios.com\/futbol\/wp-json\/wp\/v2\/media\/510808"}],"wp:attachment":[{"href":"http:\/\/desarrollo.grupomedios.com\/futbol\/wp-json\/wp\/v2\/media?parent=510804"}],"wp:term":[{"taxonomy":"category","embeddable":true,"href":"http:\/\/desarrollo.grupomedios.com\/futbol\/wp-json\/wp\/v2\/categories?post=510804"},{"taxonomy":"post_tag","embeddable":true,"href":"http:\/\/desarrollo.grupomedios.com\/futbol\/wp-json\/wp\/v2\/tags?post=510804"}],"curies":[{"name":"wp","href":"https:\/\/api.w.org\/{rel}","templated":true}]}}