{"id":510809,"date":"2017-11-29T10:26:40","date_gmt":"2017-11-29T16:26:40","guid":{"rendered":"https:\/\/www.futboltotal.com.mx\/?p=510809"},"modified":"2017-11-29T10:26:40","modified_gmt":"2017-11-29T16:26:40","slug":"robert-lewandowski-culpa-a-ancelotti-lesiones-en-bayern","status":"publish","type":"post","link":"http:\/\/desarrollo.grupomedios.com\/futbol\/uncategorized\/robert-lewandowski-culpa-a-ancelotti-lesiones-en-bayern\/2017\/11","title":{"rendered":"Robert Lewandowski culpa a Ancelotti por lesiones en el Bayern"},"content":{"rendered":"<p>El delantero polaco Robert Lewandowski culp\u00f3 al exentrenador del Bayern Carlo Ancelotti de la plaga de lesiones musculares que ha afectado en las \u00faltimas semanas al club b\u00e1varo.<\/p>\n<p>&#8220;Si ha habido muchas lesiones musculares no hay que mirar las \u00faltimas semanas de entrenamiento sino hay que ir dos o tres meses m\u00e1s atr\u00e1s. Es probable que la raz\u00f3n est\u00e9 ah\u00ed&#8221;, dijo Lewandowski en declaraciones a la revista <em>Sport Bild<\/em>.<\/p>\n<p style=\"text-align: center;\"><span style=\"color: #3366ff;\"><a href=\"https:\/\/www.futboltotal.com.mx\/futbol-internacional\/liga-de-espana\/luka-modric-denunciado-delito-fiscal\/2017\/11\">VER M\u00c1S: Luka Modric es denunciado por delito fiscal<\/a><\/span><\/p>\n<p>Seg\u00fan Lewadowski los entrenamientos de Ancelotti eran escasos de intensidad y algunos jugadores optaron por hacer pr\u00e1cticas adicionales por su cuenta<\/p>\n<p>&#8220;Si se entrena poco, uno tiene que hacer algo individualmente&#8221;, dijo el jugador polaco.<\/p>\n<p>Lewandowski no es el primero que responsabiliza a los m\u00e9todos de Ancelotti de los problemas f\u00edsicos en el Bayern y desde su destituci\u00f3n se asegura que las fases de calentamiento eran demasiado cortas y que no hab\u00eda ejercicios destinados a prevenir lesiones musculares.<\/p>\n<p>Desde que Jupp Heynckes relev\u00f3 a Ancelotti los entrenamientos se han incentivado pero el Bayern ha seguido teniendo problemas de lesiones musculares que han generado bajas de jugadores importantes como <strong>Thomas M\u00fcller<\/strong> o <strong>Thiago Alc\u00e1ntara<\/strong>.<\/p>\n<p style=\"text-align: center;\"><span style=\"color: #3366ff;\"><a href=\"https:\/\/www.futboltotal.com.mx\/futbol-internacional\/cannavaro-ve-a-buffon-presidente-la-federacion-italiana-futbol\/2017\/11\">VER M\u00c1S: Cannavaro ve a Buffon como Presidente de la Federaci\u00f3n Italiana de Futbol<\/a><\/span><\/p>\n<p>M\u00fcller est\u00e1 a punto de regresar despu\u00e9s de un desgarro pero la baja de Thiago ser\u00e1 de larga duraci\u00f3n. EFE<\/p>\n","protected":false},"excerpt":{"rendered":"<p>El club b\u00e1varo ha sufrido de lesiones.<\/p>\n","protected":false},"author":129,"featured_media":509494,"comment_status":"closed","ping_status":"closed","sticky":false,"template":"","format":"standard","meta":[],"categories":[1],"tags":[2056,1893,6214,6038],"_links":{"self":[{"href":"http:\/\/desarrollo.grupomedios.com\/futbol\/wp-json\/wp\/v2\/posts\/510809"}],"collection":[{"href":"http:\/\/desarrollo.grupomedios.com\/futbol\/wp-json\/wp\/v2\/posts"}],"about":[{"href":"http:\/\/desarrollo.grupomedios.com\/futbol\/wp-json\/wp\/v2\/types\/post"}],"author":[{"embeddable":true,"href":"http:\/\/desarrollo.grupomedios.com\/futbol\/wp-json\/wp\/v2\/users\/129"}],"replies":[{"embeddable":true,"href":"http:\/\/desarrollo.grupomedios.com\/futbol\/wp-json\/wp\/v2\/comments?post=510809"}],"version-history":[{"count":1,"href":"http:\/\/desarrollo.grupomedios.com\/futbol\/wp-json\/wp\/v2\/posts\/510809\/revisions"}],"predecessor-version":[{"id":510811,"href":"http:\/\/desarrollo.grupomedios.com\/futbol\/wp-json\/wp\/v2\/posts\/510809\/revisions\/510811"}],"wp:featuredmedia":[{"embeddable":true,"href":"http:\/\/desarrollo.grupomedios.com\/futbol\/wp-json\/wp\/v2\/media\/509494"}],"wp:attachment":[{"href":"http:\/\/desarrollo.grupomedios.com\/futbol\/wp-json\/wp\/v2\/media?parent=510809"}],"wp:term":[{"taxonomy":"category","embeddable":true,"href":"http:\/\/desarrollo.grupomedios.com\/futbol\/wp-json\/wp\/v2\/categories?post=510809"},{"taxonomy":"post_tag","embeddable":true,"href":"http:\/\/desarrollo.grupomedios.com\/futbol\/wp-json\/wp\/v2\/tags?post=510809"}],"curies":[{"name":"wp","href":"https:\/\/api.w.org\/{rel}","templated":true}]}}