{"id":510828,"date":"2017-11-29T11:57:13","date_gmt":"2017-11-29T17:57:13","guid":{"rendered":"https:\/\/www.futboltotal.com.mx\/?p=510828"},"modified":"2017-11-29T11:57:13","modified_gmt":"2017-11-29T17:57:13","slug":"rafa-marquez-pide-a-ricardo-la-volpe-como-dt-atlas","status":"publish","type":"post","link":"http:\/\/desarrollo.grupomedios.com\/futbol\/futbol-mexicano\/rafa-marquez-pide-a-ricardo-la-volpe-como-dt-atlas\/2017\/11","title":{"rendered":"Rafa M\u00e1rquez pide a Ricardo La Volpe como DT de Atlas"},"content":{"rendered":"<p><strong>POR: STAFF FT<\/strong><\/p>\n<p>Parece que las cosas est\u00e1n a punto de moverse en el seno del <strong>Atlas de Guadalajara<\/strong>, pues el futuro de <strong>Jos\u00e9 Guadalupe Cruz\u00a0<\/strong>parece estar muy lejos de tierras tapat\u00edas, pues no seguir\u00eda en el banquillo de los <strong>Rojinegros<\/strong>, pues la directiva est\u00e1 molesta con \u00e9l por su actuaci\u00f3n en los Cuartos de Final del <strong>Apertura 2017<\/strong> donde fueron eliminados por los <strong>Rayados de Monterrey.<\/strong><\/p>\n<p style=\"text-align: center;\"><a href=\"https:\/\/www.futboltotal.com.mx\/futbol-internacional\/liga-de-espana\/hector-moreno-esta-en-la-orbita-del-real-betis\/2017\/11\">VER M\u00c1S: H\u00e9ctor Moreno est\u00e1 en la \u00f3rbita del Real Betis<\/a><\/p>\n<p>De acuerdo con el diario AS,\u00a0<strong>Grupo Salinas<\/strong> no est\u00e1 nada contento despu\u00e9s de dos liguillas en las que no ha logrado avanzar de los Cuartos de Final, pues en el <strong>Clausura 2017<\/strong> sali\u00f3 eliminado por <strong>Chivas<\/strong>, esto pondr\u00eda al &#8216;Profe&#8217; con las maletas para salir del cuadro Rojinegro y ante ello, el capit\u00e1n del equipo, <strong>Rafael M\u00e1rquez<\/strong> ha reaccionado y le ha pedido a la directiva que busque los servicios de\u00a0<strong>\u00a0Ricardo Antonio La Volpe,\u00a0<\/strong>pues durante su etapa con el club ha dejado buenas sensaciones y la directiva habr\u00eda prometido al &#8216;4&#8217; estudiar la propuesta pues no la ven con malos ojos.<\/p>\n<p>La idea parece m\u00e1s cercana luego que\u00a0<strong>Ricardo Salinas Pliego\u00a0<\/strong>mostrara su molestia por la inversi\u00f3n que se hizo en el cuadro de Atlas, pues por el otro lado, <strong>Monarcas Morelia<\/strong>, equipo que tiene un tercio de presupuesto de lo que se le da a los Rojinegros, se ha convertido en protagonista de la <strong>Liga MX<\/strong> y hoy est\u00e1 en la semifinal del Apertura 2017; hecho que de igual manera tendr\u00eda al presidente del club,\u00a0<strong> Gustavo Guzm\u00e1n,\u00a0<\/strong>en la cuerda floja, pidi\u00e9ndole que haga a Atlas protagonista del <strong>Clausura 2018<\/strong>, esto desembocar\u00eda en la llegada de La Volpe en busca de protagonismo para el pr\u00f3ximo torneo.<\/p>\n<p style=\"text-align: center;\"><a href=\"https:\/\/www.futboltotal.com.mx\/futbol-mexicano\/liga-mx\/la-razon-por-la-que-dayro-moreno-no-llegara-a-pumas\/2017\/11\">VER M\u00c1S: La raz\u00f3n por la que Dayro Moreno no llegar\u00e1 a Pumas<\/a><\/p>\n<p>&nbsp;<\/p>\n<p>&nbsp;<\/p>\n","protected":false},"excerpt":{"rendered":"<p>El &#8216;4&#8217; de los Rojinegros desea al &#8216;Bigot\u00f3n&#8217; como estratega para el Clausura 2018<\/p>\n","protected":false},"author":159,"featured_media":510829,"comment_status":"closed","ping_status":"closed","sticky":false,"template":"","format":"standard","meta":[],"categories":[2198,3845],"tags":[5961,9028,77,64,4358,767],"_links":{"self":[{"href":"http:\/\/desarrollo.grupomedios.com\/futbol\/wp-json\/wp\/v2\/posts\/510828"}],"collection":[{"href":"http:\/\/desarrollo.grupomedios.com\/futbol\/wp-json\/wp\/v2\/posts"}],"about":[{"href":"http:\/\/desarrollo.grupomedios.com\/futbol\/wp-json\/wp\/v2\/types\/post"}],"author":[{"embeddable":true,"href":"http:\/\/desarrollo.grupomedios.com\/futbol\/wp-json\/wp\/v2\/users\/159"}],"replies":[{"embeddable":true,"href":"http:\/\/desarrollo.grupomedios.com\/futbol\/wp-json\/wp\/v2\/comments?post=510828"}],"version-history":[{"count":1,"href":"http:\/\/desarrollo.grupomedios.com\/futbol\/wp-json\/wp\/v2\/posts\/510828\/revisions"}],"predecessor-version":[{"id":510830,"href":"http:\/\/desarrollo.grupomedios.com\/futbol\/wp-json\/wp\/v2\/posts\/510828\/revisions\/510830"}],"wp:featuredmedia":[{"embeddable":true,"href":"http:\/\/desarrollo.grupomedios.com\/futbol\/wp-json\/wp\/v2\/media\/510829"}],"wp:attachment":[{"href":"http:\/\/desarrollo.grupomedios.com\/futbol\/wp-json\/wp\/v2\/media?parent=510828"}],"wp:term":[{"taxonomy":"category","embeddable":true,"href":"http:\/\/desarrollo.grupomedios.com\/futbol\/wp-json\/wp\/v2\/categories?post=510828"},{"taxonomy":"post_tag","embeddable":true,"href":"http:\/\/desarrollo.grupomedios.com\/futbol\/wp-json\/wp\/v2\/tags?post=510828"}],"curies":[{"name":"wp","href":"https:\/\/api.w.org\/{rel}","templated":true}]}}