{"id":510831,"date":"2017-11-29T12:35:05","date_gmt":"2017-11-29T18:35:05","guid":{"rendered":"https:\/\/www.futboltotal.com.mx\/?p=510831"},"modified":"2017-11-29T12:35:05","modified_gmt":"2017-11-29T18:35:05","slug":"chucky-lozano-y-psv-se-entrenan-con-el-ejercito-holandes","status":"publish","type":"post","link":"http:\/\/desarrollo.grupomedios.com\/futbol\/futbol-internacional\/chucky-lozano-y-psv-se-entrenan-con-el-ejercito-holandes\/2017\/11","title":{"rendered":"Chucky Lozano y PSV se entrenan con el ej\u00e9rcito holand\u00e9s"},"content":{"rendered":"<p><strong>POR: STAFF FT<\/strong><\/p>\n<p>El equipo del mediocampista mexicano, <strong>Hirving &#8216;Chucky&#8217; Lozano<\/strong>, el <strong>PSV Eindhoven<\/strong> ha tenido un entrenamiento poco usual, pues con el \u00e1nimo al m\u00e1ximo por su buen paso en la <strong>Eredivisie<\/strong> decidieron entrar a una rutina con el ej\u00e9rcito, en donde hubo muchas risas y los jugadores trabajaron en su fuerza y destreza.<\/p>\n<p>En la din\u00e1mica realizada en los campos\u00a0de entrenamiento militar del <strong>Real Ej\u00e9rcito de los Pa\u00edses Bajos<\/strong>, el <strong>Chucky<\/strong> dej\u00f3 una de las fotograf\u00edas m\u00e1s divertidas dentro del entrenamiento cuando siete de sus compa\u00f1eros lo cargaron y el mexicano mostraba una sonrisa que indica el buen momento que vive con el club, pues es el l\u00edder anotador con <strong>10 dianas<\/strong> en el campeonato.<\/p>\n<p style=\"text-align: center;\"><a href=\"https:\/\/www.futboltotal.com.mx\/futbol-mexicano\/liga-mx\/rafa-marquez-pide-a-ricardo-la-volpe-como-dt-atlas\/2017\/11\">VER M\u00c1S: Rafa M\u00e1rquez pide a Ricardo La Volpe como DT de Atlas<\/a><\/p>\n<p>&#8220;<strong>Los jugadores fueron entrenados todo el d\u00eda y se espera que se comporten de acuerdo con los valores centrales del ej\u00e9rcito: coraje, dedicaci\u00f3n y capacidad de recuperaci\u00f3n&#8221;<\/strong>, explic\u00f3 el cuadro holand\u00e9s a trav\u00e9s de su p\u00e1gina web. Los jugadores caminaron sobre delgadas vigas, saltaron vallas de madera y treparon muros.<\/p>\n<blockquote class=\"twitter-tweet\" data-lang=\"es\">\n<p dir=\"ltr\" lang=\"nl\">&#x1f396; | De selectie van PSV heeft dinsdag een pittige alternatieve training ondergaan op het militair oefenterrein van de Koninklijke Landmacht op de Oirschotse Heide.<\/p>\n<p>De leukste foto&#8217;s: <a href=\"https:\/\/t.co\/Iqn4wyb4OR\">https:\/\/t.co\/Iqn4wyb4OR<\/a> <a href=\"https:\/\/t.co\/b3PROHH4Nu\">pic.twitter.com\/b3PROHH4Nu<\/a><\/p>\n<p>\u2014 PSV (@PSV) <a href=\"https:\/\/twitter.com\/PSV\/status\/935842298990088192?ref_src=twsrc%5Etfw\">29 de noviembre de 2017<\/a><\/p><\/blockquote>\n<p><script async src=\"https:\/\/platform.twitter.com\/widgets.js\" charset=\"utf-8\"><\/script><\/p>\n<p style=\"text-align: center;\"><a href=\"https:\/\/www.futboltotal.com.mx\/futbol-mexicano\/liga-mx\/pumas-busca-refuerzo-en-deportivo-la-coruna\/2017\/11\">VER M\u00c1S: Pumas busca refuerzo en el Deportivo la Coru\u00f1a<\/a><\/p>\n","protected":false},"excerpt":{"rendered":"<p>El mexicano regal\u00f3 una postal muy divertida junto a sus compa\u00f1eros de equipo<\/p>\n","protected":false},"author":159,"featured_media":510832,"comment_status":"closed","ping_status":"closed","sticky":false,"template":"","format":"standard","meta":[],"categories":[9721,3839],"tags":[6944,4420,5196,3224],"_links":{"self":[{"href":"http:\/\/desarrollo.grupomedios.com\/futbol\/wp-json\/wp\/v2\/posts\/510831"}],"collection":[{"href":"http:\/\/desarrollo.grupomedios.com\/futbol\/wp-json\/wp\/v2\/posts"}],"about":[{"href":"http:\/\/desarrollo.grupomedios.com\/futbol\/wp-json\/wp\/v2\/types\/post"}],"author":[{"embeddable":true,"href":"http:\/\/desarrollo.grupomedios.com\/futbol\/wp-json\/wp\/v2\/users\/159"}],"replies":[{"embeddable":true,"href":"http:\/\/desarrollo.grupomedios.com\/futbol\/wp-json\/wp\/v2\/comments?post=510831"}],"version-history":[{"count":1,"href":"http:\/\/desarrollo.grupomedios.com\/futbol\/wp-json\/wp\/v2\/posts\/510831\/revisions"}],"predecessor-version":[{"id":510833,"href":"http:\/\/desarrollo.grupomedios.com\/futbol\/wp-json\/wp\/v2\/posts\/510831\/revisions\/510833"}],"wp:featuredmedia":[{"embeddable":true,"href":"http:\/\/desarrollo.grupomedios.com\/futbol\/wp-json\/wp\/v2\/media\/510832"}],"wp:attachment":[{"href":"http:\/\/desarrollo.grupomedios.com\/futbol\/wp-json\/wp\/v2\/media?parent=510831"}],"wp:term":[{"taxonomy":"category","embeddable":true,"href":"http:\/\/desarrollo.grupomedios.com\/futbol\/wp-json\/wp\/v2\/categories?post=510831"},{"taxonomy":"post_tag","embeddable":true,"href":"http:\/\/desarrollo.grupomedios.com\/futbol\/wp-json\/wp\/v2\/tags?post=510831"}],"curies":[{"name":"wp","href":"https:\/\/api.w.org\/{rel}","templated":true}]}}