{"id":510857,"date":"2017-11-28T17:55:57","date_gmt":"2017-11-28T23:55:57","guid":{"rendered":"https:\/\/www.futboltotal.com.mx\/?p=510857"},"modified":"2017-11-29T21:01:00","modified_gmt":"2017-11-30T03:01:00","slug":"alebrijes-vs-juarez-fc-final-ascenso-mx-2017-en-vivo-minuto-a-minuto","status":"publish","type":"post","link":"http:\/\/desarrollo.grupomedios.com\/futbol\/futbol-mexicano\/alebrijes-vs-juarez-fc-final-ascenso-mx-2017-en-vivo-minuto-a-minuto\/2017\/11","title":{"rendered":"Alebrijes vs Ju\u00e1rez FC | Final Ascenso MX 2017 | EN VIVO: Minuto a minuto"},"content":{"rendered":"<p>La <strong>Final de ida del Ascenso MX 2017<\/strong> est\u00e1 aqu\u00ed en <strong>FUTBOL TOTAL<\/strong>. Los Alebrijes de Oaxaca reciben la visita de los Bravos de Ciudad Ju\u00e1rez.<\/p>\n<iframe src=\"https:\/\/en-vivo.futboltotal.com.mx\/embed.php\/?id=456\" width=\"100%\" id=\"frame_minuto\"><\/iframe>\n<p>Los oaxaque\u00f1os lograron su pase a la Final, despu\u00e9s de eliminar al l\u00edder Celaya, por el gol de visitante en el marcador global 2-2.<\/p>\n<p>Mientras que Ju\u00e1rez FC fue capaz de venir de atr\u00e1s y superar 5-4 en el global al Tampico Madero, y con ello pelear el t\u00edtulo del Apertura 2017.<\/p>\n<p><strong>\u00a1NO TE PIERDAS EL MINUTO A MINUTO DEL ALEBRIJES VS JU\u00c1REZ FC EN PUNTO DE LAS 19:00 HORAS!<\/strong><\/p>\n","protected":false},"excerpt":{"rendered":"<p>Se juega la final de ida del Ascenso MX<\/p>\n","protected":false},"author":160,"featured_media":510858,"comment_status":"closed","ping_status":"closed","sticky":false,"template":"","format":"standard","meta":[],"categories":[3843,2198,3845],"tags":[4191,432,1752,6557,1046],"_links":{"self":[{"href":"http:\/\/desarrollo.grupomedios.com\/futbol\/wp-json\/wp\/v2\/posts\/510857"}],"collection":[{"href":"http:\/\/desarrollo.grupomedios.com\/futbol\/wp-json\/wp\/v2\/posts"}],"about":[{"href":"http:\/\/desarrollo.grupomedios.com\/futbol\/wp-json\/wp\/v2\/types\/post"}],"author":[{"embeddable":true,"href":"http:\/\/desarrollo.grupomedios.com\/futbol\/wp-json\/wp\/v2\/users\/160"}],"replies":[{"embeddable":true,"href":"http:\/\/desarrollo.grupomedios.com\/futbol\/wp-json\/wp\/v2\/comments?post=510857"}],"version-history":[{"count":1,"href":"http:\/\/desarrollo.grupomedios.com\/futbol\/wp-json\/wp\/v2\/posts\/510857\/revisions"}],"predecessor-version":[{"id":510859,"href":"http:\/\/desarrollo.grupomedios.com\/futbol\/wp-json\/wp\/v2\/posts\/510857\/revisions\/510859"}],"wp:featuredmedia":[{"embeddable":true,"href":"http:\/\/desarrollo.grupomedios.com\/futbol\/wp-json\/wp\/v2\/media\/510858"}],"wp:attachment":[{"href":"http:\/\/desarrollo.grupomedios.com\/futbol\/wp-json\/wp\/v2\/media?parent=510857"}],"wp:term":[{"taxonomy":"category","embeddable":true,"href":"http:\/\/desarrollo.grupomedios.com\/futbol\/wp-json\/wp\/v2\/categories?post=510857"},{"taxonomy":"post_tag","embeddable":true,"href":"http:\/\/desarrollo.grupomedios.com\/futbol\/wp-json\/wp\/v2\/tags?post=510857"}],"curies":[{"name":"wp","href":"https:\/\/api.w.org\/{rel}","templated":true}]}}