{"id":510860,"date":"2017-11-28T21:00:24","date_gmt":"2017-11-29T03:00:24","guid":{"rendered":"https:\/\/www.futboltotal.com.mx\/?p=510860"},"modified":"2017-11-29T22:55:28","modified_gmt":"2017-11-30T04:55:28","slug":"america-vs-tigres-liguilla-apertura-2017-en-vivo-minuto-a-minuto","status":"publish","type":"post","link":"http:\/\/desarrollo.grupomedios.com\/futbol\/futbol-mexicano\/america-vs-tigres-liguilla-apertura-2017-en-vivo-minuto-a-minuto\/2017\/11","title":{"rendered":"Am\u00e9rica vs Tigres | Liguilla Apertura 2017 | EN VIVO: Minuto a minuto"},"content":{"rendered":"<p>Las <strong>\u00c1guilas del Am\u00e9rica<\/strong> reciben a los <strong>Tigres de la UANL<\/strong> en el duelo de ida de las semifinales del <strong>Torneo Apertura 2017 de la Liga MX<\/strong>.<\/p>\n<iframe src=\"https:\/\/en-vivo.futboltotal.com.mx\/embed.php\/?id=457\" width=\"100%\" id=\"frame_minuto\"><\/iframe>\n<p>Los americanistas lograron una calificaci\u00f3n controversial, despu\u00e9s de acceder con un 0-0 global frente a Cruz Azul, por la posici\u00f3n global.<\/p>\n<p>Los Tigres tuvieron la misma suerte de calificar por su posici\u00f3n en la tabla, aunque con un global de 2-2 frente a Le\u00f3n, en una serie entretenida.<\/p>\n<p><strong>\u00a1NO TE PIERDAS EL MINUTO A MINUTO DEL AM\u00c9RICA VS TIGRES EN PUNTO DE LAS 21:00 HORAS!<\/strong><\/p>\n","protected":false},"excerpt":{"rendered":"<p>\u00c1guilas y felinos se ven las caras en el duelo de ida en el Azteca<\/p>\n","protected":false},"author":160,"featured_media":510861,"comment_status":"closed","ping_status":"closed","sticky":false,"template":"","format":"standard","meta":[],"categories":[2198,3845],"tags":[5959,8357,64,1046,1711,5973],"_links":{"self":[{"href":"http:\/\/desarrollo.grupomedios.com\/futbol\/wp-json\/wp\/v2\/posts\/510860"}],"collection":[{"href":"http:\/\/desarrollo.grupomedios.com\/futbol\/wp-json\/wp\/v2\/posts"}],"about":[{"href":"http:\/\/desarrollo.grupomedios.com\/futbol\/wp-json\/wp\/v2\/types\/post"}],"author":[{"embeddable":true,"href":"http:\/\/desarrollo.grupomedios.com\/futbol\/wp-json\/wp\/v2\/users\/160"}],"replies":[{"embeddable":true,"href":"http:\/\/desarrollo.grupomedios.com\/futbol\/wp-json\/wp\/v2\/comments?post=510860"}],"version-history":[{"count":1,"href":"http:\/\/desarrollo.grupomedios.com\/futbol\/wp-json\/wp\/v2\/posts\/510860\/revisions"}],"predecessor-version":[{"id":510862,"href":"http:\/\/desarrollo.grupomedios.com\/futbol\/wp-json\/wp\/v2\/posts\/510860\/revisions\/510862"}],"wp:featuredmedia":[{"embeddable":true,"href":"http:\/\/desarrollo.grupomedios.com\/futbol\/wp-json\/wp\/v2\/media\/510861"}],"wp:attachment":[{"href":"http:\/\/desarrollo.grupomedios.com\/futbol\/wp-json\/wp\/v2\/media?parent=510860"}],"wp:term":[{"taxonomy":"category","embeddable":true,"href":"http:\/\/desarrollo.grupomedios.com\/futbol\/wp-json\/wp\/v2\/categories?post=510860"},{"taxonomy":"post_tag","embeddable":true,"href":"http:\/\/desarrollo.grupomedios.com\/futbol\/wp-json\/wp\/v2\/tags?post=510860"}],"curies":[{"name":"wp","href":"https:\/\/api.w.org\/{rel}","templated":true}]}}