{"id":510875,"date":"2017-11-29T20:02:50","date_gmt":"2017-11-30T02:02:50","guid":{"rendered":"https:\/\/www.futboltotal.com.mx\/?p=510875"},"modified":"2017-11-29T20:02:50","modified_gmt":"2017-11-30T02:02:50","slug":"las-cinco-claves-del-america-contra-tigres","status":"publish","type":"post","link":"http:\/\/desarrollo.grupomedios.com\/futbol\/futbol-mexicano\/las-cinco-claves-del-america-contra-tigres\/2017\/11","title":{"rendered":"Las cinco claves del Am\u00e9rica contra Tigres"},"content":{"rendered":"<p><strong>POR: STAFF FT<\/strong><\/p>\n<p>Las <strong>\u00c1guilas del Am\u00e9rica<\/strong> recibir\u00e1n a los <strong>Tigres de la UANL<\/strong> en el duelo de ida de las semifinales del <strong>Torneo Apertura 2017 de la Liga MX<\/strong>.<\/p>\n<p>El primer juego de esta batalla se llevar\u00e1 a cabo en la cancha del estadio Azteca, donde capitalinos y universitarios se ver\u00e1n las caras.<\/p>\n<p>Algunas de las claves que se pueden dar para este partido son las siguientes:<\/p>\n<p><strong>1.- Matheus Uribe.<\/strong> El regreso del centrocampista colombiano le dar\u00e1 una mayor estabilidad a la escuadra azulcrema ante el feroz ataque regiomontano, e incluso podr\u00eda ser una arma m\u00e1s al ataque de los azulcremas.<\/p>\n<p style=\"text-align: center;\"><span style=\"color: #333399;\"><a href=\"https:\/\/www.futboltotal.com.mx\/futbol-mexicano\/america-vs-tigres-liguilla-apertura-2017-en-vivo-minuto-a-minuto\/2017\/11\">VER M\u00c1S:\u00a0<span class=\"item-title\">Am\u00e9rica vs Tigres | Liguilla Apertura 2017 | EN VIVO: Minuto a minuto<\/span><\/a><\/span><\/p>\n<p><strong>2.- Andr\u00e9-Pierre Gignac.<\/strong> El futbolista franc\u00e9s se ha encontrado de nuevo con el gol, y ha demostrado por qu\u00e9 lo llaman el &#8220;se\u00f1or liguilla&#8221;. Es un jugador determinante, y en esta serie podr\u00eda dar muchos problemas al Am\u00e9rica.<\/p>\n<p><strong>3.- La historia.<\/strong> Am\u00e9rica ha dominado en la \u00faltima d\u00e9cada en los duelos de fase de eliminaci\u00f3n a Tigres, y a eso apelar\u00e1n las \u00c1guilas para salir adelante.<\/p>\n<p><strong>4.- &#8216;Tuca&#8217; Ferretti.<\/strong> La jetatura que tiene Ricardo Ferretti sobre Miguel Herrera, en donde el &#8216;Piojo&#8217; no le ha podido ganar una serie de eliminaci\u00f3n.<\/p>\n<p style=\"text-align: center;\"><span style=\"color: #333399;\"><a href=\"https:\/\/www.futboltotal.com.mx\/destacado-home\/tigres-america-enfrentamiento-la-decada\/2017\/11\">VER M\u00c1S:\u00a0<span class=\"item-title\">\u00bfTigres-Am\u00e9rica, el enfrentamiento de la d\u00e9cada?<\/span><\/a><\/span><\/p>\n<p><strong>5.- La local\u00eda.<\/strong> \u00bfQu\u00e9 estadio pesar\u00e1 m\u00e1s, el Azteca o el Universitario? Dos de las aficiones m\u00e1s intensas del futbol mexicano se enfrentar\u00e1n tambi\u00e9n en la tribuna, y buscar\u00e1n hacerse sentir.<\/p>\n<p>&nbsp;<\/p>\n","protected":false},"excerpt":{"rendered":"<p>Los capitalinos recibir\u00e1n en el estadio Azteca a los regiomontanos<\/p>\n","protected":false},"author":160,"featured_media":510876,"comment_status":"closed","ping_status":"closed","sticky":false,"template":"","format":"standard","meta":[],"categories":[2198,3845],"tags":[5959,8357,11288,64,1046,3267,5973],"_links":{"self":[{"href":"http:\/\/desarrollo.grupomedios.com\/futbol\/wp-json\/wp\/v2\/posts\/510875"}],"collection":[{"href":"http:\/\/desarrollo.grupomedios.com\/futbol\/wp-json\/wp\/v2\/posts"}],"about":[{"href":"http:\/\/desarrollo.grupomedios.com\/futbol\/wp-json\/wp\/v2\/types\/post"}],"author":[{"embeddable":true,"href":"http:\/\/desarrollo.grupomedios.com\/futbol\/wp-json\/wp\/v2\/users\/160"}],"replies":[{"embeddable":true,"href":"http:\/\/desarrollo.grupomedios.com\/futbol\/wp-json\/wp\/v2\/comments?post=510875"}],"version-history":[{"count":1,"href":"http:\/\/desarrollo.grupomedios.com\/futbol\/wp-json\/wp\/v2\/posts\/510875\/revisions"}],"predecessor-version":[{"id":510877,"href":"http:\/\/desarrollo.grupomedios.com\/futbol\/wp-json\/wp\/v2\/posts\/510875\/revisions\/510877"}],"wp:featuredmedia":[{"embeddable":true,"href":"http:\/\/desarrollo.grupomedios.com\/futbol\/wp-json\/wp\/v2\/media\/510876"}],"wp:attachment":[{"href":"http:\/\/desarrollo.grupomedios.com\/futbol\/wp-json\/wp\/v2\/media?parent=510875"}],"wp:term":[{"taxonomy":"category","embeddable":true,"href":"http:\/\/desarrollo.grupomedios.com\/futbol\/wp-json\/wp\/v2\/categories?post=510875"},{"taxonomy":"post_tag","embeddable":true,"href":"http:\/\/desarrollo.grupomedios.com\/futbol\/wp-json\/wp\/v2\/tags?post=510875"}],"curies":[{"name":"wp","href":"https:\/\/api.w.org\/{rel}","templated":true}]}}