{"id":510891,"date":"2017-11-29T23:09:13","date_gmt":"2017-11-30T05:09:13","guid":{"rendered":"https:\/\/www.futboltotal.com.mx\/?p=510891"},"modified":"2017-11-30T16:00:59","modified_gmt":"2017-11-30T22:00:59","slug":"tigres-equipo-chico-extermino-al-america-en-memes","status":"publish","type":"post","link":"http:\/\/desarrollo.grupomedios.com\/futbol\/futbol-mexicano\/tigres-equipo-chico-extermino-al-america-en-memes\/2017\/11","title":{"rendered":"Tigres, el &#8220;equipo chico&#8221; que extermin\u00f3 al Am\u00e9rica en memes"},"content":{"rendered":"<p>La afici\u00f3n al futbol mexicano no perdon\u00f3 al <strong>Am\u00e9rica<\/strong>, que no jug\u00f3 de buena manera y cay\u00f3 ante los <strong>Tigres<\/strong> en el duelo de ida de las semifinales.<\/p>\n<p>Los Tigres se llevaron el triunfo en el estadio Azteca con un penal dudoso que cobr\u00f3 <strong>Juninho<\/strong> para adelantar en la serie a los felinos.<\/p>\n<p>La afici\u00f3n arremeti\u00f3 contra las \u00c1guilas en los memes, porque &#8220;ahora sintieron lo que es que les marquen un penal en contra&#8221;, calificaron varias de las im\u00e1genes con comentarios.<\/p>\n<p style=\"text-align: center;\"><span style=\"color: #333399;\"><a href=\"https:\/\/www.futboltotal.com.mx\/destacado-home\/america-0-tigres-1-liguilla-apertura-2017-semifinales-resumen\/2017\/11\">VER M\u00c1S:\u00a0<span class=\"item-title\">Tigres gana en el Azteca y pone un pie en la Final<\/span><\/a><\/span><\/p>\n<p>Y si quieres saber c\u00f3mo se acabaron al Am\u00e9rica, no te lo pierdas&#8230;<\/p>\n<div id=\"galleryIvY\" style=\"display:none;\"><img alt=\"\" src=\"http:\/\/desarrollo.grupomedios.com\/futbol\/wp-content\/uploads\/2017\/11\/meme-1.jpg\" data-image=\"http:\/\/desarrollo.grupomedios.com\/futbol\/wp-content\/uploads\/2017\/11\/meme-1.jpg\" data-description=\"meme-1\"><img alt=\"\" src=\"http:\/\/desarrollo.grupomedios.com\/futbol\/wp-content\/uploads\/2017\/11\/meme-2-1.jpg\" data-image=\"http:\/\/desarrollo.grupomedios.com\/futbol\/wp-content\/uploads\/2017\/11\/meme-2-1.jpg\" data-description=\"meme-2\"><img alt=\"\" src=\"http:\/\/desarrollo.grupomedios.com\/futbol\/wp-content\/uploads\/2017\/11\/meme-3-1.jpg\" data-image=\"http:\/\/desarrollo.grupomedios.com\/futbol\/wp-content\/uploads\/2017\/11\/meme-3-1.jpg\" data-description=\"meme-3\"><img alt=\"\" src=\"http:\/\/desarrollo.grupomedios.com\/futbol\/wp-content\/uploads\/2017\/11\/meme-4.jpg\" data-image=\"http:\/\/desarrollo.grupomedios.com\/futbol\/wp-content\/uploads\/2017\/11\/meme-4.jpg\" data-description=\"meme-4\"><img alt=\"\" src=\"http:\/\/desarrollo.grupomedios.com\/futbol\/wp-content\/uploads\/2017\/11\/meme-5.jpg\" data-image=\"http:\/\/desarrollo.grupomedios.com\/futbol\/wp-content\/uploads\/2017\/11\/meme-5.jpg\" data-description=\"meme-5\"><img alt=\"\" src=\"http:\/\/desarrollo.grupomedios.com\/futbol\/wp-content\/uploads\/2017\/11\/meme-6.jpg\" data-image=\"http:\/\/desarrollo.grupomedios.com\/futbol\/wp-content\/uploads\/2017\/11\/meme-6.jpg\" data-description=\"meme-6\"><img alt=\"\" src=\"http:\/\/desarrollo.grupomedios.com\/futbol\/wp-content\/uploads\/2017\/11\/meme-7.jpg\" data-image=\"http:\/\/desarrollo.grupomedios.com\/futbol\/wp-content\/uploads\/2017\/11\/meme-7.jpg\" data-description=\"meme-7\"><img alt=\"\" src=\"http:\/\/desarrollo.grupomedios.com\/futbol\/wp-content\/uploads\/2017\/11\/meme-8.jpg\" data-image=\"http:\/\/desarrollo.grupomedios.com\/futbol\/wp-content\/uploads\/2017\/11\/meme-8.jpg\" data-description=\"meme-8\"><img alt=\"\" src=\"http:\/\/desarrollo.grupomedios.com\/futbol\/wp-content\/uploads\/2017\/11\/meme-9.jpg\" data-image=\"http:\/\/desarrollo.grupomedios.com\/futbol\/wp-content\/uploads\/2017\/11\/meme-9.jpg\" data-description=\"meme-9\"><\/div>\n        <script>\n        \/\/galeria 1\n        jQuery(document).ready(function(){ \n            var api;\n            api = jQuery(\"#galleryIvY\").unitegallery({\n                carousel_autoplay: false\n            }); \n        });\n        <\/script>\n        \n","protected":false},"excerpt":{"rendered":"<p>La afici\u00f3n no le perdona al Am\u00e9rica que haya hecho muy poco en el Azteca<\/p>\n","protected":false},"author":160,"featured_media":510901,"comment_status":"closed","ping_status":"closed","sticky":false,"template":"","format":"standard","meta":[],"categories":[2198,3845],"tags":[5959,8357,1046,4949,3267,5973],"_links":{"self":[{"href":"http:\/\/desarrollo.grupomedios.com\/futbol\/wp-json\/wp\/v2\/posts\/510891"}],"collection":[{"href":"http:\/\/desarrollo.grupomedios.com\/futbol\/wp-json\/wp\/v2\/posts"}],"about":[{"href":"http:\/\/desarrollo.grupomedios.com\/futbol\/wp-json\/wp\/v2\/types\/post"}],"author":[{"embeddable":true,"href":"http:\/\/desarrollo.grupomedios.com\/futbol\/wp-json\/wp\/v2\/users\/160"}],"replies":[{"embeddable":true,"href":"http:\/\/desarrollo.grupomedios.com\/futbol\/wp-json\/wp\/v2\/comments?post=510891"}],"version-history":[{"count":1,"href":"http:\/\/desarrollo.grupomedios.com\/futbol\/wp-json\/wp\/v2\/posts\/510891\/revisions"}],"predecessor-version":[{"id":510902,"href":"http:\/\/desarrollo.grupomedios.com\/futbol\/wp-json\/wp\/v2\/posts\/510891\/revisions\/510902"}],"wp:featuredmedia":[{"embeddable":true,"href":"http:\/\/desarrollo.grupomedios.com\/futbol\/wp-json\/wp\/v2\/media\/510901"}],"wp:attachment":[{"href":"http:\/\/desarrollo.grupomedios.com\/futbol\/wp-json\/wp\/v2\/media?parent=510891"}],"wp:term":[{"taxonomy":"category","embeddable":true,"href":"http:\/\/desarrollo.grupomedios.com\/futbol\/wp-json\/wp\/v2\/categories?post=510891"},{"taxonomy":"post_tag","embeddable":true,"href":"http:\/\/desarrollo.grupomedios.com\/futbol\/wp-json\/wp\/v2\/tags?post=510891"}],"curies":[{"name":"wp","href":"https:\/\/api.w.org\/{rel}","templated":true}]}}