{"id":510903,"date":"2017-11-29T23:48:45","date_gmt":"2017-11-30T05:48:45","guid":{"rendered":"https:\/\/www.futboltotal.com.mx\/?p=510903"},"modified":"2017-11-29T23:48:45","modified_gmt":"2017-11-30T05:48:45","slug":"era-penal-arbitro-se-equivoco-miguel-herrera","status":"publish","type":"post","link":"http:\/\/desarrollo.grupomedios.com\/futbol\/destacado-home\/era-penal-arbitro-se-equivoco-miguel-herrera\/2017\/11","title":{"rendered":"No era penal, el \u00e1rbitro se equivoc\u00f3: Miguel Herrera"},"content":{"rendered":"<p><strong>POR: STAFF FT<\/strong><\/p>\n<p><strong>Miguel Herrera<\/strong>, t\u00e9cnico de las \u00c1guilas, acus\u00f3 al \u00e1rbitro del partido <strong>\u00d3scar Mac\u00edas<\/strong> de haberse equivocado de manera flagrante en contra del <strong>Am\u00e9rica<\/strong>.<\/p>\n<p>&#8220;No era penal, el \u00e1rbitro se equivoc\u00f3&#8221;, fueron las palabras del &#8216;Piojo&#8217; durante la conferencia de prensa posterior a la derrota de su equipo por 0-1 ante los <strong>Tigres de la UANL<\/strong>.<\/p>\n<p>Herrera destac\u00f3 que el silbante fue factor en la derrota del Am\u00e9rica ya que seg\u00fan palabras del estratega azulcrema, &#8220;nosotros no anotamos, pero ellos tampoco lo hubieran hecho&#8221;.<\/p>\n<p style=\"text-align: center;\"><span style=\"color: #333399;\"><a href=\"https:\/\/www.futboltotal.com.mx\/futbol-mexicano\/tigres-equipo-chico-extermino-al-america-en-memes\/2017\/11\">VER M\u00c1S:\u00a0<span class=\"item-title\">Tigres, el \u201cequipo chico\u201d que extermin\u00f3 al Am\u00e9rica en memes<\/span><\/a><\/span><\/p>\n<p>La molestia del t\u00e9cnico azulcrema fue notable, y no s\u00f3lo por error arbitral, sino porque su equipo cometi\u00f3 muchos errores primarios.<\/p>\n<p>&#8220;Es incre\u00edble que hayamos jugado nuestro peor partido hoy. Tuvimos muchos errores primarios en el encuentro, muchos pases fallados, hoy jugamos mal&#8221;, sentenci\u00f3 Miguel Herrera.<\/p>\n<p>Sin embargo, el &#8216;Piojo&#8217; tiene confianza en &#8220;meter en su cancha a los Tigres&#8221; cuando Am\u00e9rica los visite el pr\u00f3ximo s\u00e1bado en la cancha del estadio Universitario.<\/p>\n<p style=\"text-align: center;\"><span style=\"color: #333399;\"><a href=\"https:\/\/www.futboltotal.com.mx\/destacado-home\/america-0-tigres-1-liguilla-apertura-2017-semifinales-resumen\/2017\/11\">VER M\u00c1S:\u00a0<span class=\"item-title\">Tigres gana en el Azteca y pone un pie en la Final<\/span><\/a><\/span><\/p>\n","protected":false},"excerpt":{"rendered":"<p>El t\u00e9cnico americanista se\u00f1al\u00f3 que el error arbitral marc\u00f3 el destino del partido<\/p>\n","protected":false},"author":160,"featured_media":510904,"comment_status":"closed","ping_status":"closed","sticky":false,"template":"","format":"standard","meta":[],"categories":[5,2198,3845],"tags":[5959,8357,64,1046,255,1711,5973],"_links":{"self":[{"href":"http:\/\/desarrollo.grupomedios.com\/futbol\/wp-json\/wp\/v2\/posts\/510903"}],"collection":[{"href":"http:\/\/desarrollo.grupomedios.com\/futbol\/wp-json\/wp\/v2\/posts"}],"about":[{"href":"http:\/\/desarrollo.grupomedios.com\/futbol\/wp-json\/wp\/v2\/types\/post"}],"author":[{"embeddable":true,"href":"http:\/\/desarrollo.grupomedios.com\/futbol\/wp-json\/wp\/v2\/users\/160"}],"replies":[{"embeddable":true,"href":"http:\/\/desarrollo.grupomedios.com\/futbol\/wp-json\/wp\/v2\/comments?post=510903"}],"version-history":[{"count":1,"href":"http:\/\/desarrollo.grupomedios.com\/futbol\/wp-json\/wp\/v2\/posts\/510903\/revisions"}],"predecessor-version":[{"id":510905,"href":"http:\/\/desarrollo.grupomedios.com\/futbol\/wp-json\/wp\/v2\/posts\/510903\/revisions\/510905"}],"wp:featuredmedia":[{"embeddable":true,"href":"http:\/\/desarrollo.grupomedios.com\/futbol\/wp-json\/wp\/v2\/media\/510904"}],"wp:attachment":[{"href":"http:\/\/desarrollo.grupomedios.com\/futbol\/wp-json\/wp\/v2\/media?parent=510903"}],"wp:term":[{"taxonomy":"category","embeddable":true,"href":"http:\/\/desarrollo.grupomedios.com\/futbol\/wp-json\/wp\/v2\/categories?post=510903"},{"taxonomy":"post_tag","embeddable":true,"href":"http:\/\/desarrollo.grupomedios.com\/futbol\/wp-json\/wp\/v2\/tags?post=510903"}],"curies":[{"name":"wp","href":"https:\/\/api.w.org\/{rel}","templated":true}]}}