{"id":510910,"date":"2017-11-30T09:14:46","date_gmt":"2017-11-30T15:14:46","guid":{"rendered":"https:\/\/www.futboltotal.com.mx\/?p=510910"},"modified":"2017-11-30T09:14:46","modified_gmt":"2017-11-30T15:14:46","slug":"cruz-azul-descarta-llegada-paco-palencia","status":"publish","type":"post","link":"http:\/\/desarrollo.grupomedios.com\/futbol\/futbol-mexicano\/cruz-azul-descarta-llegada-paco-palencia\/2017\/11","title":{"rendered":"Cruz Azul descarta llegada de Paco Palencia"},"content":{"rendered":"<p>POR: STAFF FT<\/p>\n<p><strong>La M\u00e1quina de Cruz Azul<\/strong> est\u00e1 en busca de su nuevo estratega luego de la salida de <strong>Paco J\u00e9mez<\/strong> del banquillo, por el momento han existido muchas especulaciones al respecto sin tener una confirmaci\u00f3n oficial, pero ya han dejado claro que <strong>Juan Francisco Palencia<\/strong> no es candidato para tomar el puesto en la direcci\u00f3n t\u00e9cnica.<\/p>\n<p><a href=\"https:\/\/www.futboltotal.com.mx\/futbol-mexicano\/liga-mx\/francisco-palencia-se-declara-listo-para-dirigir-a-cruz-azul\/2017\/11\" target=\"_blank\" rel=\"noopener\">Paco Palencia realiz\u00f3 unas declaraciones a trav\u00e9s de televisi\u00f3n<\/a> en las que aseguraba estar listo para tomar el cargo como estratega de los celestes: &#8220;<strong>Yo estoy listo desde hace un a\u00f1o y medio\u00a0o un poco m\u00e1s para dirigir<\/strong>, y evidentemente esto no se acaba cuando dejas un equipo.\u00a0Hay que seguirse preparando, no es lo mismo haber jugado que ser t\u00e9cnico y por lo tanto hay que seguir con el desarrollo&#8221;, dijo.<\/p>\n<p style=\"text-align: center;\"><a href=\"https:\/\/www.futboltotal.com.mx\/futbol-mexicano\/liga-mx\/oficial-gerardo-alcoba-deja-a-los-pumas-llega-a-santos\/2017\/11\">VER M\u00c1S: Oficial: Gerardo Alcoba deja a los Pumas y llega a Santos<\/a><\/p>\n<p>Sin embargo, no fue una fuente oficial quien se encarg\u00f3 de detener los rumores, sino la cuenta de<strong> Instagram oficial de Cruz Azul<\/strong> quien respondi\u00f3 en los comentarios un simple\u00a0<strong>&#8220;No,\u00a0gracias&#8221;<\/strong>\u00a0a una publicaci\u00f3n de un usuario que preguntaba a la afici\u00f3n si les gustaba la idea de tener al <strong>Gatillero<\/strong> en el banquillo.<\/p>\n<div id=\"attachment_510911\" style=\"width: 510px\" class=\"wp-caption aligncenter\"><img aria-describedby=\"caption-attachment-510911\" decoding=\"async\" loading=\"lazy\" class=\"size-full wp-image-510911\" src=\"https:\/\/www.futboltotal.com.mx\/wp-content\/uploads\/2017\/11\/palencia-insta-cruz-azul.jpg\" alt=\"A trav\u00e9s de Instagram se supo dicha decisi\u00f3n\" srcset=\"http:\/\/desarrollo.grupomedios.com\/futbol\/wp-content\/uploads\/2017\/11\/palencia-insta-cruz-azul.jpg 500w, http:\/\/desarrollo.grupomedios.com\/futbol\/wp-content\/uploads\/2017\/11\/palencia-insta-cruz-azul-189x300.jpg 189w\" sizes=\"(max-width: 500px) 100vw, 500px\" \/><p id=\"caption-attachment-510911\" class=\"wp-caption-text\">Cruz Azul descart\u00f3 la llegada de Paco Palencia como estratega<\/p><\/div>\n<p style=\"text-align: center;\"><a href=\"https:\/\/www.futboltotal.com.mx\/futbol-mexicano\/liga-mx\/cruz-azul-la-mira-en-carlos-izquierdoz\/2017\/11\">VER M\u00c1S: Cruz Azul tiene la mira en Carlos Izquierdoz<\/a><\/p>\n","protected":false},"excerpt":{"rendered":"<p>A trav\u00e9s de Instagram los celestes dijeron un simple &#8220;No, gracias&#8221;<\/p>\n","protected":false},"author":159,"featured_media":510912,"comment_status":"closed","ping_status":"closed","sticky":false,"template":"","format":"standard","meta":[],"categories":[2198,3845],"tags":[9028,5962,1449,64],"_links":{"self":[{"href":"http:\/\/desarrollo.grupomedios.com\/futbol\/wp-json\/wp\/v2\/posts\/510910"}],"collection":[{"href":"http:\/\/desarrollo.grupomedios.com\/futbol\/wp-json\/wp\/v2\/posts"}],"about":[{"href":"http:\/\/desarrollo.grupomedios.com\/futbol\/wp-json\/wp\/v2\/types\/post"}],"author":[{"embeddable":true,"href":"http:\/\/desarrollo.grupomedios.com\/futbol\/wp-json\/wp\/v2\/users\/159"}],"replies":[{"embeddable":true,"href":"http:\/\/desarrollo.grupomedios.com\/futbol\/wp-json\/wp\/v2\/comments?post=510910"}],"version-history":[{"count":1,"href":"http:\/\/desarrollo.grupomedios.com\/futbol\/wp-json\/wp\/v2\/posts\/510910\/revisions"}],"predecessor-version":[{"id":510913,"href":"http:\/\/desarrollo.grupomedios.com\/futbol\/wp-json\/wp\/v2\/posts\/510910\/revisions\/510913"}],"wp:featuredmedia":[{"embeddable":true,"href":"http:\/\/desarrollo.grupomedios.com\/futbol\/wp-json\/wp\/v2\/media\/510912"}],"wp:attachment":[{"href":"http:\/\/desarrollo.grupomedios.com\/futbol\/wp-json\/wp\/v2\/media?parent=510910"}],"wp:term":[{"taxonomy":"category","embeddable":true,"href":"http:\/\/desarrollo.grupomedios.com\/futbol\/wp-json\/wp\/v2\/categories?post=510910"},{"taxonomy":"post_tag","embeddable":true,"href":"http:\/\/desarrollo.grupomedios.com\/futbol\/wp-json\/wp\/v2\/tags?post=510910"}],"curies":[{"name":"wp","href":"https:\/\/api.w.org\/{rel}","templated":true}]}}