{"id":510933,"date":"2017-11-30T12:50:52","date_gmt":"2017-11-30T18:50:52","guid":{"rendered":"https:\/\/www.futboltotal.com.mx\/?p=510933"},"modified":"2017-11-30T12:50:52","modified_gmt":"2017-11-30T18:50:52","slug":"jugador-la-liga-mx-en-equipo-la-semana-en-fifa-18","status":"publish","type":"post","link":"http:\/\/desarrollo.grupomedios.com\/futbol\/futbol-mexicano\/jugador-la-liga-mx-en-equipo-la-semana-en-fifa-18\/2017\/11","title":{"rendered":"Jugador de la Liga MX en equipo de la semana en FIFA 18"},"content":{"rendered":"<p><strong>POR: STAFF FT<\/strong><\/p>\n<p>Luego de ocho semanas sin tener un futbolista dentro del equipo de la semana en el <strong>FIFA 18<\/strong>, se rompi\u00f3 esa racha gracias al delantero de <strong>Rayados de Monterrey, Rogelio Funes Mori<\/strong> quien encontr\u00f3 un lugar dentro de la banca luego de contribuir de gran forma en los Cuartos de Final para el equipo de <strong>Antonio Mohamed.<\/strong><\/p>\n<p>La \u00faltima vez que se hab\u00eda dado esto fue en la semana 3 cuando apareci\u00f3 <strong>El\u00edas Hern\u00e1ndez<\/strong>\u00a0del <strong>Le\u00f3n<\/strong> en las reservas, ahora se ha vuelto a dar que un jugador que milita en el balompi\u00e9 mexicano aparezca como uno de los destacados dentro de la selecci\u00f3n que hace el famoso juego. Aqu\u00ed la alineaci\u00f3n completa con titulares, banca y reservas.<\/p>\n<p style=\"text-align: center;\"><a href=\"https:\/\/www.futboltotal.com.mx\/copa-mundial-de-futbol-2018\/noticias\/todo-lo-que-debes-saber-para-el-sorteo-rusia-2018\">VER M\u00c1S: Todo lo que debes saber para el sorteo de Rusia 2018<\/a><\/p>\n<p><strong>TITULARES:\u00a0<\/strong>Salvatore Sirigu (Torino), Matthias Ginter\u00a0(Borussia M\u00f6nchengladbach), Stefan De Vrij (Lazio), Marvin Zeegelaar (Watford), \u00c9ver Banega (Sevilla), Casemiro (Real Madrid), Marco Verratti (PSG), Memphis Depay (Olympique de Lyon), Antoine Griezmann (Atl\u00e9tico de Madrid), Raheem Sterling (Manchester City) y Jonas (Benfica)<\/p>\n<p><strong>BANCA:\u00a0<\/strong>Volkan Demirel\u00a0(Fenerbache),\u00a0Michael Lang\u00a0(FC Basilea 1893),\u00a0Jerome Roussillon\u00a0(Montpellier), Marlos Romero (Shaktar Donetsk),\u00a0Filip Kostic\u00a0(Hamburgo),\u00a0Charlie Austin\u00a0(Southampton) y\u00a0<strong>Rogelio Funes Mori (Rayados deMonterrey).<\/strong><\/p>\n<p><strong>RESERVAS:<\/strong>\u00a0Matej Vydra\u00a0(Derby County),\u00a0Marcel Hilssner\u00a0(FC Hansa Rostock),\u00a0Justin Kluivert\u00a0(Ajax),\u00a0Ryan Sessegnon\u00a0(Fulham) y<a href=\"http:\/\/www.espn.com.mx\/futbol\/jugador\/_\/id\/191967\/evgeniy-zubeyko\" target=\"_blank\" rel=\"noopener\">\u00a0<\/a>Evgeniy Markov\u00a0(FC Tosno).<\/p>\n<blockquote class=\"twitter-tweet\" data-lang=\"es\">\n<p dir=\"ltr\" lang=\"und\"><a href=\"https:\/\/twitter.com\/hashtag\/TOTW11?src=hash&amp;ref_src=twsrc%5Etfw\">#TOTW11<\/a><a href=\"https:\/\/twitter.com\/AntoGriezmann?ref_src=twsrc%5Etfw\">@AntoGriezmann<\/a> IF<a href=\"https:\/\/twitter.com\/sterling7?ref_src=twsrc%5Etfw\">@Sterling7<\/a><a href=\"https:\/\/twitter.com\/Casemiro?ref_src=twsrc%5Etfw\">@Casemiro<\/a><a href=\"https:\/\/twitter.com\/hashtag\/FUT?src=hash&amp;ref_src=twsrc%5Etfw\">#FUT<\/a> <a href=\"https:\/\/twitter.com\/hashtag\/FIFA18?src=hash&amp;ref_src=twsrc%5Etfw\">#FIFA18<\/a> <a href=\"https:\/\/t.co\/RkK0zGjSxn\">pic.twitter.com\/RkK0zGjSxn<\/a><\/p>\n<p>\u2014 EA SPORTS FIFA ESP (@EASPORTSEsp) <a href=\"https:\/\/twitter.com\/EASPORTSEsp\/status\/935961585595510784?ref_src=twsrc%5Etfw\">29 de noviembre de 2017<\/a><\/p><\/blockquote>\n<p><script async src=\"https:\/\/platform.twitter.com\/widgets.js\" charset=\"utf-8\"><\/script><\/p>\n<p style=\"text-align: center;\"><a href=\"https:\/\/www.futboltotal.com.mx\/futbol-mexicano\/liga-mx\/pumas-se-acabo-la-generacion-que-les-dio-ultima-final\/2017\/11\">VER M\u00c1S: Pumas: se acab\u00f3 la generaci\u00f3n que les dio su \u00faltima final<\/a><\/p>\n","protected":false},"excerpt":{"rendered":"<p>El cuadro de Rayados tuvo el privilegio de tener a uno de sus futbolistas<\/p>\n","protected":false},"author":159,"featured_media":510934,"comment_status":"closed","ping_status":"closed","sticky":false,"template":"","format":"standard","meta":[],"categories":[2198,3845],"tags":[8808,64,1329,6597],"_links":{"self":[{"href":"http:\/\/desarrollo.grupomedios.com\/futbol\/wp-json\/wp\/v2\/posts\/510933"}],"collection":[{"href":"http:\/\/desarrollo.grupomedios.com\/futbol\/wp-json\/wp\/v2\/posts"}],"about":[{"href":"http:\/\/desarrollo.grupomedios.com\/futbol\/wp-json\/wp\/v2\/types\/post"}],"author":[{"embeddable":true,"href":"http:\/\/desarrollo.grupomedios.com\/futbol\/wp-json\/wp\/v2\/users\/159"}],"replies":[{"embeddable":true,"href":"http:\/\/desarrollo.grupomedios.com\/futbol\/wp-json\/wp\/v2\/comments?post=510933"}],"version-history":[{"count":1,"href":"http:\/\/desarrollo.grupomedios.com\/futbol\/wp-json\/wp\/v2\/posts\/510933\/revisions"}],"predecessor-version":[{"id":510935,"href":"http:\/\/desarrollo.grupomedios.com\/futbol\/wp-json\/wp\/v2\/posts\/510933\/revisions\/510935"}],"wp:featuredmedia":[{"embeddable":true,"href":"http:\/\/desarrollo.grupomedios.com\/futbol\/wp-json\/wp\/v2\/media\/510934"}],"wp:attachment":[{"href":"http:\/\/desarrollo.grupomedios.com\/futbol\/wp-json\/wp\/v2\/media?parent=510933"}],"wp:term":[{"taxonomy":"category","embeddable":true,"href":"http:\/\/desarrollo.grupomedios.com\/futbol\/wp-json\/wp\/v2\/categories?post=510933"},{"taxonomy":"post_tag","embeddable":true,"href":"http:\/\/desarrollo.grupomedios.com\/futbol\/wp-json\/wp\/v2\/tags?post=510933"}],"curies":[{"name":"wp","href":"https:\/\/api.w.org\/{rel}","templated":true}]}}