{"id":510952,"date":"2017-11-30T13:38:49","date_gmt":"2017-11-30T19:38:49","guid":{"rendered":"https:\/\/www.futboltotal.com.mx\/?p=510952"},"modified":"2017-11-30T13:38:49","modified_gmt":"2017-11-30T19:38:49","slug":"supercampeones-ficharan-a-cristiano-ronaldo-lionel-messi","status":"publish","type":"post","link":"http:\/\/desarrollo.grupomedios.com\/futbol\/cambio-de-juego\/supercampeones-ficharan-a-cristiano-ronaldo-lionel-messi\/2017\/11","title":{"rendered":"Supercampeones fichar\u00e1n a Cristiano Ronaldo y Lionel Messi"},"content":{"rendered":"<p><strong>POR: STAFF FT<\/strong><\/p>\n<p>La serie animada<strong> &#8216;Los Supercampeones&#8217;<\/strong> est\u00e1n de vuelta en la pantalla con motivo de la<strong> Copa del Mundo de Rusia 2018<\/strong> y los nuevos episodios estar\u00e1n divididos por temporadas en las cuales se especula que aparecer\u00e1n los dos mejores futbolistas del orbe en los \u00faltimos a\u00f1os;\u00a0<b>Lionel Messi<\/b>\u00a0y\u00a0<b>Cristiano Ronaldo<\/b>.<\/p>\n<p style=\"text-align: center;\"><a href=\"https:\/\/www.futboltotal.com.mx\/futbol-internacional\/conoce-la-casa-zlatan-ibrahimovic-de-20-mil-euros-al-mes\/2017\/11\">VER M\u00c1S: Conoce la casa de Zlatan Ibrahimovic de 20 mil euros al mes<\/a><\/p>\n<p>Shonen Jump, revista especializada en anime, indic\u00f3 que los productores de esta nueva entrega de la serie ya est\u00e1n negociando con\u00a0<b>Lionel Messi<\/b>,\u00a0<b>Manuel Neuer<\/b>\u00a0y\u00a0<b>Cristiano Ronaldo\u00a0<\/b>para que den su autorizaci\u00f3n y aparecer en los cap\u00edtulos que estar\u00e1n de vuelta en la televisi\u00f3n luego de 16 a\u00f1os de ausencia.<\/p>\n<p>Las dos temporadas tendr\u00e1n 24 cap\u00edtulos; se dividir\u00e1n en dos procesos, <strong>Oliver Atom<\/strong> y compa\u00f1\u00eda disputar\u00e1n la eliminatoria rumbo al mundial en la primera y en la segunda ya se jugar\u00e1 la <strong>Copa del Mundo.<\/strong> Lo que es un hecho es que la serie se realizar\u00e1 previo al Mundial de Rusia 2018, el plus podr\u00eda incorporar a las dos estrellas del <strong>FC Barcelona<\/strong> y <strong>Real Madrid<\/strong>, respectivamente.<\/p>\n<p style=\"text-align: center;\"><a href=\"https:\/\/www.futboltotal.com.mx\/futbol-mexicano\/liga-mx\/pumas-busca-a-juan-cala-del-getafe\/2017\/11\">VER M\u00c1S: Pumas busca a Juan Cala del Getafe<\/a><\/p>\n","protected":false},"excerpt":{"rendered":"<p>Los dos astros del balompi\u00e9 aparecer\u00edan en los nuevos cap\u00edtulos de la serie<\/p>\n","protected":false},"author":159,"featured_media":510953,"comment_status":"closed","ping_status":"closed","sticky":false,"template":"","format":"standard","meta":[],"categories":[5419],"tags":[6013,6012,6841,2232,5175],"_links":{"self":[{"href":"http:\/\/desarrollo.grupomedios.com\/futbol\/wp-json\/wp\/v2\/posts\/510952"}],"collection":[{"href":"http:\/\/desarrollo.grupomedios.com\/futbol\/wp-json\/wp\/v2\/posts"}],"about":[{"href":"http:\/\/desarrollo.grupomedios.com\/futbol\/wp-json\/wp\/v2\/types\/post"}],"author":[{"embeddable":true,"href":"http:\/\/desarrollo.grupomedios.com\/futbol\/wp-json\/wp\/v2\/users\/159"}],"replies":[{"embeddable":true,"href":"http:\/\/desarrollo.grupomedios.com\/futbol\/wp-json\/wp\/v2\/comments?post=510952"}],"version-history":[{"count":1,"href":"http:\/\/desarrollo.grupomedios.com\/futbol\/wp-json\/wp\/v2\/posts\/510952\/revisions"}],"predecessor-version":[{"id":510954,"href":"http:\/\/desarrollo.grupomedios.com\/futbol\/wp-json\/wp\/v2\/posts\/510952\/revisions\/510954"}],"wp:featuredmedia":[{"embeddable":true,"href":"http:\/\/desarrollo.grupomedios.com\/futbol\/wp-json\/wp\/v2\/media\/510953"}],"wp:attachment":[{"href":"http:\/\/desarrollo.grupomedios.com\/futbol\/wp-json\/wp\/v2\/media?parent=510952"}],"wp:term":[{"taxonomy":"category","embeddable":true,"href":"http:\/\/desarrollo.grupomedios.com\/futbol\/wp-json\/wp\/v2\/categories?post=510952"},{"taxonomy":"post_tag","embeddable":true,"href":"http:\/\/desarrollo.grupomedios.com\/futbol\/wp-json\/wp\/v2\/tags?post=510952"}],"curies":[{"name":"wp","href":"https:\/\/api.w.org\/{rel}","templated":true}]}}