{"id":510966,"date":"2017-11-30T14:57:21","date_gmt":"2017-11-30T20:57:21","guid":{"rendered":"https:\/\/www.futboltotal.com.mx\/?p=510966"},"modified":"2017-11-30T14:57:21","modified_gmt":"2017-11-30T20:57:21","slug":"totti-revela-sueno-era-jugar-ronaldo","status":"publish","type":"post","link":"http:\/\/desarrollo.grupomedios.com\/futbol\/futbol-internacional\/totti-revela-sueno-era-jugar-ronaldo\/2017\/11","title":{"rendered":"Totti revela que su sue\u00f1o era jugar con Ronaldo"},"content":{"rendered":"<p>El excapit\u00e1n del <strong>Roma<\/strong> <strong>Francesco Totti<\/strong>, actual directivo del club romano, asegur\u00f3 que su sue\u00f1o habr\u00eda sido jugar con el brasile\u00f1o <strong>Luis Naz\u00e1rio de Lima Ronaldo<\/strong> y admiti\u00f3 que a\u00f1ora ser m\u00e1s joven para poder seguir ejerciendo como futbolista.<\/p>\n<p>&#8220;(Mi espina clavada) es no haber podido jugar con <strong>Ronaldo<\/strong>, el del <strong>Inter<\/strong>. (Era) mi sue\u00f1o, pero tambi\u00e9n el suyo. Marc\u00f3 muchos goles, pero conmigo hubiera metido a\u00fan m\u00e1s&#8221;, asegur\u00f3 Totti en una entrevista publicada hoy por el diario italiano <em>Corriere della Sera<\/em>.<\/p>\n<p>El italiano, que se retir\u00f3 del f\u00fatbol el pasado 28 de mayo para empezar una carrera como directivo, reconoci\u00f3 que su vida ha cambiado por completo, pero que se siente feliz por poder seguir en el mundo del f\u00fatbol.<\/p>\n<p style=\"text-align: center;\"><span style=\"color: #3366ff;\"><a href=\"https:\/\/www.futboltotal.com.mx\/copa-mundial-de-futbol-2018\/noticias\/todo-lo-que-debes-saber-para-el-sorteo-rusia-2018\">VER M\u00c1S: Todo lo que debes saber para el sorteo de Rusia 2018<\/a><\/span><\/p>\n<p>&#8220;Trabajar\u00e9 siempre en el f\u00fatbol, estoy convencido de eso. Tengo la suerte de poder estar con el equipo, con el t\u00e9cnico, los jugadores, los directivos. Comparto los partidos con ellos, subo al autob\u00fas del equipo, trabajo a tiempo completo&#8221;, dijo.<\/p>\n<p>El ya exjugador consider\u00f3 que, pese a no tener formaci\u00f3n como directivo futbol\u00edstico, tiene mucho que aportar al <strong>Roma<\/strong> en relaci\u00f3n a la gesti\u00f3n de la plantilla porque conoce &#8220;todas las din\u00e1micas del vestuario&#8221;.<\/p>\n<p>Sin embargo, si tuviera la posibilidad de volver atr\u00e1s, le gustar\u00eda regresar a la d\u00e9cada 2000-2010 para sentirse de nuevo futbolista.<\/p>\n<p>&#8220;Volver\u00eda atr\u00e1s. De 2000 a 2010 estaba en plena forma, fueron a\u00f1os fant\u00e1sticos. Me conformar\u00eda con solo uno de ellos&#8221;, admiti\u00f3 el excapit\u00e1n del Roma.<\/p>\n<p>En su carrera como jugador, Totti fue un s\u00edmbolo de la selecci\u00f3n italiana, con la que gan\u00f3 el <strong>Mundial de 2006<\/strong>, por lo que no dud\u00f3 ahora en referirse al fracaso del actual equipo <em>azzurro<\/em>, que no logr\u00f3 la clasificaci\u00f3n al <strong>Mundial de Rusia 2018<\/strong>.<\/p>\n<p style=\"text-align: center;\"><span style=\"color: #3366ff;\"><a href=\"https:\/\/www.futboltotal.com.mx\/futbol-internacional\/conoce-la-casa-zlatan-ibrahimovic-de-20-mil-euros-al-mes\/2017\/11\">VER M\u00c1S: Conoce la casa de Zlatan Ibrahimovic de 20 mil euros al mes<\/a><\/span><\/p>\n<p>&#8220;No pensaba que pudiera suceder este drama futbol\u00edstico. En junio encender\u00e9 la televisi\u00f3n y no ver\u00e9 a Italia. Es irreal&#8221;, lament\u00f3, al tiempo que confi\u00f3 en que la Federaci\u00f3n de F\u00fatbol italiana (FIGC) sea gestionada por una persona &#8220;joven, transparente y honesta&#8221;.<\/p>\n<p>En la entrevista, Totti consider\u00f3 adem\u00e1s que el veterano guardameta <strong>Gianluigi Buffon<\/strong>, que se retirar\u00e1 del f\u00fatbol al final de la presente campa\u00f1a, tiene la posibilidad de seguir compitiendo a altos niveles.<\/p>\n<p>Por lo que ata\u00f1e a temas de la actualidad futbol\u00edstica, el exs\u00edmbolo del Roma aventur\u00f3 que el Bal\u00f3n de Oro se lo disputar\u00e1n el argentino Lionel Messi y el portugu\u00e9s <strong>Cristiano Ronaldo<\/strong>, y reconoci\u00f3 que su favorito es el primero.<\/p>\n<p>Adem\u00e1s, dijo que est\u00e1 a favor de los <strong>\u00c1rbitros Asistentes de V\u00eddeo (VAR)<\/strong> aunque puntualiz\u00f3 que, a su juicio, hay que lograr que se use en igualdad de condiciones para todos los equipos. EFE<\/p>\n","protected":false},"excerpt":{"rendered":"<p>El italiano ahora es directivo de la Roma.<\/p>\n","protected":false},"author":129,"featured_media":477053,"comment_status":"closed","ping_status":"closed","sticky":false,"template":"","format":"standard","meta":[],"categories":[3839,3848],"tags":[2619,6214,227,320,1504,5958],"_links":{"self":[{"href":"http:\/\/desarrollo.grupomedios.com\/futbol\/wp-json\/wp\/v2\/posts\/510966"}],"collection":[{"href":"http:\/\/desarrollo.grupomedios.com\/futbol\/wp-json\/wp\/v2\/posts"}],"about":[{"href":"http:\/\/desarrollo.grupomedios.com\/futbol\/wp-json\/wp\/v2\/types\/post"}],"author":[{"embeddable":true,"href":"http:\/\/desarrollo.grupomedios.com\/futbol\/wp-json\/wp\/v2\/users\/129"}],"replies":[{"embeddable":true,"href":"http:\/\/desarrollo.grupomedios.com\/futbol\/wp-json\/wp\/v2\/comments?post=510966"}],"version-history":[{"count":1,"href":"http:\/\/desarrollo.grupomedios.com\/futbol\/wp-json\/wp\/v2\/posts\/510966\/revisions"}],"predecessor-version":[{"id":510967,"href":"http:\/\/desarrollo.grupomedios.com\/futbol\/wp-json\/wp\/v2\/posts\/510966\/revisions\/510967"}],"wp:featuredmedia":[{"embeddable":true,"href":"http:\/\/desarrollo.grupomedios.com\/futbol\/wp-json\/wp\/v2\/media\/477053"}],"wp:attachment":[{"href":"http:\/\/desarrollo.grupomedios.com\/futbol\/wp-json\/wp\/v2\/media?parent=510966"}],"wp:term":[{"taxonomy":"category","embeddable":true,"href":"http:\/\/desarrollo.grupomedios.com\/futbol\/wp-json\/wp\/v2\/categories?post=510966"},{"taxonomy":"post_tag","embeddable":true,"href":"http:\/\/desarrollo.grupomedios.com\/futbol\/wp-json\/wp\/v2\/tags?post=510966"}],"curies":[{"name":"wp","href":"https:\/\/api.w.org\/{rel}","templated":true}]}}