{"id":510973,"date":"2017-11-30T15:57:21","date_gmt":"2017-11-30T21:57:21","guid":{"rendered":"https:\/\/www.futboltotal.com.mx\/?p=510973"},"modified":"2017-11-30T15:57:21","modified_gmt":"2017-11-30T21:57:21","slug":"neymar-podria-ir-al-real-madrid-en-5-anos-asegura-padre","status":"publish","type":"post","link":"http:\/\/desarrollo.grupomedios.com\/futbol\/futbol-internacional\/neymar-podria-ir-al-real-madrid-en-5-anos-asegura-padre\/2017\/11","title":{"rendered":"Neymar podr\u00eda ir al Real Madrid en 5 a\u00f1os, asegura su padre"},"content":{"rendered":"<p>Apenas hab\u00eda sido traspasado del <strong>Barcelona<\/strong> al <strong>PSG<\/strong> y el nombre de <strong>Neymar<\/strong> ya se hab\u00eda vinculado con el <strong>Real Madrid<\/strong>, pues aseguraron que despu\u00e9s pasar\u00eda al club Merengue; incluso, el capit\u00e1n blanco ya le &#8220;abri\u00f3 la puerta&#8221; y Zidane le elogi\u00f3.<\/p>\n<p>Rumorado como una triangulaci\u00f3n en la que el club parisino servir\u00e1 de puente para que el crack brasile\u00f1o llegue eventualmente a la Casa Blanca, lo cierto es que la posibilidad no se descarta entre la gente m\u00e1s cercana a Ney, como es su padre.<\/p>\n<p style=\"text-align: center;\"><span style=\"color: #3366ff;\"><a href=\"https:\/\/www.futboltotal.com.mx\/futbol-internacional\/liga-de-italia\/totti-revela-sueno-era-jugar-ronaldo\/2017\/11\">VER M\u00c1S: Totti revela que su sue\u00f1o era jugar con Ronaldo<\/a><\/span><\/p>\n<p>&#8220;\u00bfEl Madrid? Ahora no, pero en 5 a\u00f1os&#8230;Las cosas cambian, pero ahora no existe ese pensamiento&#8221;, declar\u00f3 el progenitor y agente del \u201810\u2019 brasile\u00f1o a la cadena <em>Fox Sports<\/em>.<\/p>\n<p>Una vez dicho lo anterior, <strong>Neymar Santos<\/strong> quiso &#8220;meter reversa&#8221; y afirm\u00f3 que su hijo es muy feliz en <strong>Par\u00eds<\/strong>, que reci\u00e9n lleg\u00f3 y es complicado pensar a futuro.<\/p>\n<p>&#8220;Las cosas cambian mucho. Hoy no existe ese pensamiento y responder a eso es alimentar algo imposible. No puedo hablar de unas negociaciones de aqu\u00ed a cinco o seis a\u00f1os.<\/p>\n<p>&#8220;\u00c9l tiene un contrato largo con el PSG y acaba de llegar. Llevamos tres meses y se est\u00e1 hablando de salir. Es complicado responder a este tipo de cosas&#8221;, expuso.<\/p>\n<p style=\"text-align: center;\"><span style=\"color: #3366ff;\"><a href=\"https:\/\/www.futboltotal.com.mx\/futbol-internacional\/conoce-la-casa-zlatan-ibrahimovic-de-20-mil-euros-al-mes\/2017\/11\">VER M\u00c1S: Conoce la casa de Zlatan Ibrahimovic de 20 mil euros al mes<\/a><\/span><\/p>\n<p>Neymar ha consolidado junto a<strong> Edinson Cavani<\/strong> y <strong>Kylian Mbapp\u00e9<\/strong> un tridente mort\u00edfero a nivel local y continental siendo l\u00edderes de la Ligue 1 e invictos en la Champions League.<\/p>\n<p>Adem\u00e1s, cabe recordar que tanto el jugador como su padre enfrentan procesos judiciales con la justicia espa\u00f1ola por supuesta evasi\u00f3n fiscal.<\/p>\n","protected":false},"excerpt":{"rendered":"<p>El padre del jugador no descart\u00f3 una posible llegada a los Merengues.<\/p>\n","protected":false},"author":129,"featured_media":505537,"comment_status":"closed","ping_status":"closed","sticky":false,"template":"","format":"standard","meta":[],"categories":[3839,3844],"tags":[6214,1913,6001,5988],"_links":{"self":[{"href":"http:\/\/desarrollo.grupomedios.com\/futbol\/wp-json\/wp\/v2\/posts\/510973"}],"collection":[{"href":"http:\/\/desarrollo.grupomedios.com\/futbol\/wp-json\/wp\/v2\/posts"}],"about":[{"href":"http:\/\/desarrollo.grupomedios.com\/futbol\/wp-json\/wp\/v2\/types\/post"}],"author":[{"embeddable":true,"href":"http:\/\/desarrollo.grupomedios.com\/futbol\/wp-json\/wp\/v2\/users\/129"}],"replies":[{"embeddable":true,"href":"http:\/\/desarrollo.grupomedios.com\/futbol\/wp-json\/wp\/v2\/comments?post=510973"}],"version-history":[{"count":1,"href":"http:\/\/desarrollo.grupomedios.com\/futbol\/wp-json\/wp\/v2\/posts\/510973\/revisions"}],"predecessor-version":[{"id":510974,"href":"http:\/\/desarrollo.grupomedios.com\/futbol\/wp-json\/wp\/v2\/posts\/510973\/revisions\/510974"}],"wp:featuredmedia":[{"embeddable":true,"href":"http:\/\/desarrollo.grupomedios.com\/futbol\/wp-json\/wp\/v2\/media\/505537"}],"wp:attachment":[{"href":"http:\/\/desarrollo.grupomedios.com\/futbol\/wp-json\/wp\/v2\/media?parent=510973"}],"wp:term":[{"taxonomy":"category","embeddable":true,"href":"http:\/\/desarrollo.grupomedios.com\/futbol\/wp-json\/wp\/v2\/categories?post=510973"},{"taxonomy":"post_tag","embeddable":true,"href":"http:\/\/desarrollo.grupomedios.com\/futbol\/wp-json\/wp\/v2\/tags?post=510973"}],"curies":[{"name":"wp","href":"https:\/\/api.w.org\/{rel}","templated":true}]}}