{"id":510978,"date":"2017-11-30T16:40:36","date_gmt":"2017-11-30T22:40:36","guid":{"rendered":"https:\/\/www.futboltotal.com.mx\/?p=510978"},"modified":"2017-11-30T17:24:04","modified_gmt":"2017-11-30T23:24:04","slug":"eduardo-vargas-dejaria-tigres-para-llegar-al-sao-paulo","status":"publish","type":"post","link":"http:\/\/desarrollo.grupomedios.com\/futbol\/futbol-mexicano\/eduardo-vargas-dejaria-tigres-para-llegar-al-sao-paulo\/2017\/11","title":{"rendered":"Eduardo Vargas dejar\u00eda Tigres para llegar al Sao Paulo"},"content":{"rendered":"<p><strong>POR: STAFF FT<\/strong><\/p>\n<p><strong>Tigres UANL<\/strong> tendr\u00eda una baja sensible para el pr\u00f3ximo torneo pues <strong>Eduardo Vargas<\/strong> pues estar\u00eda viviendo sus \u00faltimos momentos con la camiseta felina, pues el chileno se encuentra en la mira de un grande del futbol brasile\u00f1o, desde el mercado de fichajes anterior se habl\u00f3 de la salida del jugador hacia el <strong>Gremio,<\/strong> sin embargo no se logr\u00f3 la transacci\u00f3n.<\/p>\n<p>El andino hizo un torneo notable en el <strong>Apertura 2017<\/strong>, <strong>seis goles y cuatro asistencias<\/strong> sum\u00f3 con los felinos debido a ello el <strong>Sao Paulo de Brasil<\/strong> volvi\u00f3 a poner su atenci\u00f3n con la intenci\u00f3n de regresarlo al futbol de aquel pa\u00eds como ya lo hab\u00eda hecho con <strong>Gremio en 2013<\/strong>, por lo que ya saben de su rendimiento en el futbol carioca, donde ya hab\u00eda tenido el inter\u00e9s de varios equipos pero decidi\u00f3 marcharse al\u00a0<strong>Valencia de Espa\u00f1a<\/strong>.<\/p>\n<p style=\"text-align: center;\"><a href=\"https:\/\/www.futboltotal.com.mx\/futbol-mexicano\/liga-mx\/america-tiene-un-gol-en-390-minutos-de-liguilla\/2017\/11\">VER M\u00c1S: Am\u00e9rica tiene un gol en 390 minutos de liguilla<\/a><\/p>\n<p>De acuerdo a medios de Brasil, las negociaciones con el cuadro de <strong>Sao Paulo<\/strong> ya se encuentran en marca e indican que este traspaso ser\u00eda caro y oneroso para el club, adem\u00e1s que resaltan que el rendimiento en M\u00e9xico no ha sido el mejor, pues en el 2017 en general con los universitarios tiene <strong>9 anotaciones en 36 partidos.<\/strong><\/p>\n<p><strong>&#8220;Con nombres como Lucca, (Romario) Ibarra y Vargas, ser\u00e1 evidente el gran tridente que formar\u00edan para llenar de goles al Tricolor&#8221;<\/strong>, advierte el medio\u00a0<em>Sombra del Estadio 97<\/em>.\u00a0El volante ecuatoriano, de Universidad Cat\u00f3lica, tambi\u00e9n es pretendido por el club. Ya en 2012 el cuadro paulista se interes\u00f3 en el chileno sin embargo no logr\u00f3 cerrar el fichaje, pero ahora la historia podr\u00eda ser distinta.<\/p>\n<p style=\"text-align: center;\"><a href=\"https:\/\/www.futboltotal.com.mx\/copa-mundial-de-futbol-2018\/noticias\/todo-lo-que-debes-saber-para-el-sorteo-rusia-2018\">VER M\u00c1S: Todo lo que debes saber para el sorteo de Rusia 2018<\/a><\/p>\n<p>&nbsp;<\/p>\n","protected":false},"excerpt":{"rendered":"<p>El andino estar\u00eda viviendo sus \u00faltimos minutos con los Tigres<\/p>\n","protected":false},"author":159,"featured_media":510982,"comment_status":"closed","ping_status":"closed","sticky":false,"template":"","format":"standard","meta":[],"categories":[2198,3845],"tags":[5994,64,2093,570],"_links":{"self":[{"href":"http:\/\/desarrollo.grupomedios.com\/futbol\/wp-json\/wp\/v2\/posts\/510978"}],"collection":[{"href":"http:\/\/desarrollo.grupomedios.com\/futbol\/wp-json\/wp\/v2\/posts"}],"about":[{"href":"http:\/\/desarrollo.grupomedios.com\/futbol\/wp-json\/wp\/v2\/types\/post"}],"author":[{"embeddable":true,"href":"http:\/\/desarrollo.grupomedios.com\/futbol\/wp-json\/wp\/v2\/users\/159"}],"replies":[{"embeddable":true,"href":"http:\/\/desarrollo.grupomedios.com\/futbol\/wp-json\/wp\/v2\/comments?post=510978"}],"version-history":[{"count":2,"href":"http:\/\/desarrollo.grupomedios.com\/futbol\/wp-json\/wp\/v2\/posts\/510978\/revisions"}],"predecessor-version":[{"id":510983,"href":"http:\/\/desarrollo.grupomedios.com\/futbol\/wp-json\/wp\/v2\/posts\/510978\/revisions\/510983"}],"wp:featuredmedia":[{"embeddable":true,"href":"http:\/\/desarrollo.grupomedios.com\/futbol\/wp-json\/wp\/v2\/media\/510982"}],"wp:attachment":[{"href":"http:\/\/desarrollo.grupomedios.com\/futbol\/wp-json\/wp\/v2\/media?parent=510978"}],"wp:term":[{"taxonomy":"category","embeddable":true,"href":"http:\/\/desarrollo.grupomedios.com\/futbol\/wp-json\/wp\/v2\/categories?post=510978"},{"taxonomy":"post_tag","embeddable":true,"href":"http:\/\/desarrollo.grupomedios.com\/futbol\/wp-json\/wp\/v2\/tags?post=510978"}],"curies":[{"name":"wp","href":"https:\/\/api.w.org\/{rel}","templated":true}]}}