{"id":510984,"date":"2017-11-30T18:25:09","date_gmt":"2017-12-01T00:25:09","guid":{"rendered":"https:\/\/www.futboltotal.com.mx\/?p=510984"},"modified":"2017-11-30T18:25:09","modified_gmt":"2017-12-01T00:25:09","slug":"mi-fue-penal-duda-nahuel-guzman","status":"publish","type":"post","link":"http:\/\/desarrollo.grupomedios.com\/futbol\/futbol-mexicano\/mi-fue-penal-duda-nahuel-guzman\/2017\/11","title":{"rendered":"Para m\u00ed fue penal, no hay duda: Nahuel Guzm\u00e1n"},"content":{"rendered":"<p>El arquero de los Tigres, <strong>Nahuel Guzm\u00e1n<\/strong>, se\u00f1al\u00f3 en conferencia de prensa que el penal que dio la victoria a los felinos en el estadio Azteca fue bien marcado.<\/p>\n<p>El &#8216;Pat\u00f3n&#8217; asegur\u00f3 que el \u00e1rbitro \u00d3scar Mac\u00edas hab\u00eda hecho lo correcto al sancionar la mano de <strong>Bruno Valdez<\/strong> tras el centro de Enner Valencia en el \u00e1rea, que a la postre cobrar\u00eda Juninho para darle el triunfo a los Tigres.<\/p>\n<p>Con esto, contradice la opini\u00f3n del t\u00e9cnico <strong>Miguel Herrera<\/strong> acerca de que la pena m\u00e1xima fue mal cobrada, y en ning\u00fan momento era sancionable, ya que el bal\u00f3n golpea la cara del jugador.<\/p>\n<p style=\"text-align: center;\"><span style=\"color: #333399;\"><a href=\"https:\/\/www.futboltotal.com.mx\/destacado-home\/tigres-perderia-a-referente-duelo-contra-america\/2017\/11\">VER M\u00c1S: <span class=\"item-title\">Tigres perder\u00eda a un referente para el duelo contra Am\u00e9rica<\/span><\/a><\/span><\/p>\n<p><strong>Tigres<\/strong> tuvo el arresto para mantenerse sin gol en contra en el estadio Azteca, y el arquero argentino no tuvo tanta acci\u00f3n como pudo haberse pensado.<\/p>\n<p>&nbsp;<\/p>\n","protected":false},"excerpt":{"rendered":"<p>El portero argentino afirm\u00f3 que la pena m\u00e1xima fue bien sancionada<\/p>\n","protected":false},"author":160,"featured_media":510985,"comment_status":"closed","ping_status":"closed","sticky":false,"template":"","format":"standard","meta":[],"categories":[2198,3845],"tags":[5959,8357,64,1046,6129,4000,3267,5973],"_links":{"self":[{"href":"http:\/\/desarrollo.grupomedios.com\/futbol\/wp-json\/wp\/v2\/posts\/510984"}],"collection":[{"href":"http:\/\/desarrollo.grupomedios.com\/futbol\/wp-json\/wp\/v2\/posts"}],"about":[{"href":"http:\/\/desarrollo.grupomedios.com\/futbol\/wp-json\/wp\/v2\/types\/post"}],"author":[{"embeddable":true,"href":"http:\/\/desarrollo.grupomedios.com\/futbol\/wp-json\/wp\/v2\/users\/160"}],"replies":[{"embeddable":true,"href":"http:\/\/desarrollo.grupomedios.com\/futbol\/wp-json\/wp\/v2\/comments?post=510984"}],"version-history":[{"count":1,"href":"http:\/\/desarrollo.grupomedios.com\/futbol\/wp-json\/wp\/v2\/posts\/510984\/revisions"}],"predecessor-version":[{"id":510986,"href":"http:\/\/desarrollo.grupomedios.com\/futbol\/wp-json\/wp\/v2\/posts\/510984\/revisions\/510986"}],"wp:featuredmedia":[{"embeddable":true,"href":"http:\/\/desarrollo.grupomedios.com\/futbol\/wp-json\/wp\/v2\/media\/510985"}],"wp:attachment":[{"href":"http:\/\/desarrollo.grupomedios.com\/futbol\/wp-json\/wp\/v2\/media?parent=510984"}],"wp:term":[{"taxonomy":"category","embeddable":true,"href":"http:\/\/desarrollo.grupomedios.com\/futbol\/wp-json\/wp\/v2\/categories?post=510984"},{"taxonomy":"post_tag","embeddable":true,"href":"http:\/\/desarrollo.grupomedios.com\/futbol\/wp-json\/wp\/v2\/tags?post=510984"}],"curies":[{"name":"wp","href":"https:\/\/api.w.org\/{rel}","templated":true}]}}