{"id":510996,"date":"2017-11-30T21:30:09","date_gmt":"2017-12-01T03:30:09","guid":{"rendered":"https:\/\/www.futboltotal.com.mx\/?p=510996"},"modified":"2017-11-30T21:30:09","modified_gmt":"2017-12-01T03:30:09","slug":"monarcas-morelia-0-monterrey-1-liguilla-apertura-2017-semifinales-resumen","status":"publish","type":"post","link":"http:\/\/desarrollo.grupomedios.com\/futbol\/destacado-home\/monarcas-morelia-0-monterrey-1-liguilla-apertura-2017-semifinales-resumen\/2017\/11","title":{"rendered":"Monterrey pega primero en la ida de semifinales a Monarcas Morelia"},"content":{"rendered":"<p><strong>POR: STAFF FT<\/strong><\/p>\n<p>Los <strong>Rayados de Monterrey<\/strong> lograron la ventaja en la ida de las semifinales, despu\u00e9s de superar por la m\u00ednima a <strong>Monarcas Morelia<\/strong>.<\/p>\n<p>Los michoacanos comenzaron con la presi\u00f3n incesante en la cancha de Rayados, y tuvieron la primera oportunidad para poner a favor la eliminatoria, pero <strong>Rodrigo Millar<\/strong> estrell\u00f3 su disparo en el travesa\u00f1o y se perdi\u00f3 el tanto.<\/p>\n<p>Con el paso de los minutos, Monarcas sigui\u00f3 con la presi\u00f3n pero ni Ruid\u00edaz ni <strong>Mario Osuna<\/strong> estuvieron finos frente al arco.<\/p>\n<p>Le cost\u00f3 casi media hora de partido meterse en el encuentro a los Rayados, pero de la mano de <strong>Avil\u00e9s Hurtado<\/strong> empezaron a tener peligrosidad, y fue as\u00ed como al minuto 36 el \u00e1rbitro Jorge Antonio P\u00e9rez marc\u00f3 la pena m\u00e1xima a favor de Rayados.<\/p>\n<blockquote class=\"twitter-video\" data-lang=\"es\">\n<p dir=\"ltr\" lang=\"es\">AvG\u26bd\ufe0fL abre el marcador, con este tiro colocado, imposible para el arquero. \u00a1C\u00e1ntaloooo Avil\u00e9s! &#x1f535;\u26aa\ufe0f<a href=\"https:\/\/twitter.com\/hashtag\/VamosRayados?src=hash&amp;ref_src=twsrc%5Etfw\">#VamosRayados<\/a> <a href=\"https:\/\/twitter.com\/hashtag\/JuntitosPap%C3%A1?src=hash&amp;ref_src=twsrc%5Etfw\">#JuntitosPap\u00e1<\/a> <a href=\"https:\/\/t.co\/mdfXsNed6C\">pic.twitter.com\/mdfXsNed6C<\/a><\/p>\n<p>\u2014 Rayados (@Rayados) <a href=\"https:\/\/twitter.com\/Rayados\/status\/936418294239842304?ref_src=twsrc%5Etfw\">1 de diciembre de 2017<\/a><\/p><\/blockquote>\n<p><script async src=\"https:\/\/platform.twitter.com\/widgets.js\" charset=\"utf-8\"><\/script><\/p>\n<p>Una falta de <strong>Carlos Guzm\u00e1n<\/strong> sobre Avil\u00e9s Hurtado provoc\u00f3 que el colombiano cobrara dos minutos despu\u00e9s para colocar el 0-1 en el marcador.<\/p>\n<p>En el segundo tiempo, Monterrey domin\u00f3 los tiempos del encuentro, y estuvo cerca con Rogelio Funes Mori y Dorlan Pab\u00f3n de aumentar la ventaja, pero no estuvieron finos frente al arco.<\/p>\n<p style=\"text-align: center;\"><a href=\"https:\/\/www.futboltotal.com.mx\/destacado-home\/monarcas-morelia-vs-monterrey-liguilla-apertura-2017-en-vivo-minuto-a-minuto\/2017\/11\">VER M\u00c1S: AS\u00cd SE VIVI\u00d3 EL MONARCAS 0-1 MONTERREY<\/a><\/p>\n<p>Monarcas intent\u00f3 reaccionar con la entrada del <strong>&#8216;P\u00edpila&#8217; Vilchis<\/strong>, y un disparo de \u00e9l casi le da el empate a los michoacanos, pero la figura de Hugo Gonz\u00e1lez se hizo presente.<\/p>\n<p>El duelo de vuelta se jugar\u00e1 el pr\u00f3ximo domingo a las 18:00 horas en la cancha del BBVA Bancomer.<\/p>\n","protected":false},"excerpt":{"rendered":"<p>Los Rayados lograron ponerse adelante en la serie por medio de Avil\u00e9s Hurtado<\/p>\n","protected":false},"author":160,"featured_media":510997,"comment_status":"closed","ping_status":"closed","sticky":false,"template":"","format":"standard","meta":[],"categories":[5,2198,3845],"tags":[8357,64,1046,784,5966,1711],"_links":{"self":[{"href":"http:\/\/desarrollo.grupomedios.com\/futbol\/wp-json\/wp\/v2\/posts\/510996"}],"collection":[{"href":"http:\/\/desarrollo.grupomedios.com\/futbol\/wp-json\/wp\/v2\/posts"}],"about":[{"href":"http:\/\/desarrollo.grupomedios.com\/futbol\/wp-json\/wp\/v2\/types\/post"}],"author":[{"embeddable":true,"href":"http:\/\/desarrollo.grupomedios.com\/futbol\/wp-json\/wp\/v2\/users\/160"}],"replies":[{"embeddable":true,"href":"http:\/\/desarrollo.grupomedios.com\/futbol\/wp-json\/wp\/v2\/comments?post=510996"}],"version-history":[{"count":1,"href":"http:\/\/desarrollo.grupomedios.com\/futbol\/wp-json\/wp\/v2\/posts\/510996\/revisions"}],"predecessor-version":[{"id":510998,"href":"http:\/\/desarrollo.grupomedios.com\/futbol\/wp-json\/wp\/v2\/posts\/510996\/revisions\/510998"}],"wp:featuredmedia":[{"embeddable":true,"href":"http:\/\/desarrollo.grupomedios.com\/futbol\/wp-json\/wp\/v2\/media\/510997"}],"wp:attachment":[{"href":"http:\/\/desarrollo.grupomedios.com\/futbol\/wp-json\/wp\/v2\/media?parent=510996"}],"wp:term":[{"taxonomy":"category","embeddable":true,"href":"http:\/\/desarrollo.grupomedios.com\/futbol\/wp-json\/wp\/v2\/categories?post=510996"},{"taxonomy":"post_tag","embeddable":true,"href":"http:\/\/desarrollo.grupomedios.com\/futbol\/wp-json\/wp\/v2\/tags?post=510996"}],"curies":[{"name":"wp","href":"https:\/\/api.w.org\/{rel}","templated":true}]}}