{"id":511001,"date":"2017-12-01T07:45:58","date_gmt":"2017-12-01T13:45:58","guid":{"rendered":"https:\/\/www.futboltotal.com.mx\/?p=511001"},"modified":"2017-12-01T07:45:58","modified_gmt":"2017-12-01T13:45:58","slug":"gareth-bale-otra-vez-baja-real-madrid","status":"publish","type":"post","link":"http:\/\/desarrollo.grupomedios.com\/futbol\/futbol-internacional\/gareth-bale-otra-vez-baja-real-madrid\/2017\/12","title":{"rendered":"Gareth Bale, otra vez baja con el Real Madrid"},"content":{"rendered":"<p>El extremo gal\u00e9s del <strong>Real Madrid<\/strong> <strong>Gareth Bale<\/strong>, se ausent\u00f3 por segundo d\u00eda consecutivo del entrenamiento y <strong>Zinedine Zidane<\/strong> confirm\u00f3 que es baja para <strong>San Mam\u00e9s<\/strong>, sin poder se\u00f1alar el tiempo de baja aunque admitiendo que &#8220;es solo una molestia&#8221; pero en el s\u00f3leo izquierdo que tantos problemas le da.<\/p>\n<p>Bale regres\u00f3 para jugar unos minutos en <strong>Copa del Rey<\/strong> y ser decisivo ante el <strong>CF Fuenlabrada<\/strong> sin tener buenas sensaciones. Estir\u00f3 durante la segunda parte en pleno partido y acab\u00f3 con molestias en el s\u00f3leo que confirm\u00f3 Zidane.<\/p>\n<p style=\"text-align: center;\"><span style=\"color: #3366ff;\"><a href=\"https:\/\/www.futboltotal.com.mx\/futbol-internacional\/liga-de-francia-futbol-internacional\/la-razon-del-neymar-jugara-psg\/2017\/11\">VER M\u00c1S: La raz\u00f3n del por qu\u00e9 Neymar no jugar\u00e1 con el PSG<\/a><\/span><\/p>\n<p>&#8220;No creo que sea psicol\u00f3gico. Se ha resentido de una molestia y es poca cosa. Como viene de mucho tiempo parado, para \u00e9l es complicado. Espero que sea solo un tema f\u00edsico y quede solo en una molestia. Lo m\u00e1s importante es que entre con el equipo y se sienta como los dem\u00e1s. Se resinti\u00f3 en Copa del algo, espero que sea poca cosa y r\u00e1pido est\u00e9 con nosotros&#8221;, asegur\u00f3 el t\u00e9cnico.<\/p>\n<p>Zidane no se cans\u00f3 de recalcar que no existe lesi\u00f3n muscular en el s\u00f3leo en esta ocasi\u00f3n que le tenga que hacer parar otra vez varias semanas al gal\u00e9s. &#8220;No tiene nada grave, es solo una molestia y como siempre cuando un jugador tiene molestias no queremos arriesgar. No puedo decir exactamente el momento cuando le ha aparecido el dolor. Se ha resentido de algo en el s\u00f3leo y ya est\u00e1&#8221;.<\/p>\n<p>El origen de los problemas puede estar para el entrenador del Real Madrid, en el perfil tan f\u00edsico de su futbolista. &#8220;El problema de Gareth es que es muy fuerte, muy potente y tiene que estar bien para jugar o puede sentir algo&#8221;.<\/p>\n<p style=\"text-align: center;\"><span style=\"color: #3366ff;\"><a href=\"https:\/\/www.futboltotal.com.mx\/futbol-internacional\/liga-de-italia\/totti-revela-sueno-era-jugar-ronaldo\/2017\/11\">VER M\u00c1S: Totti revela que su sue\u00f1o era jugar con Ronaldo<\/a><\/span><\/p>\n<p>&#8220;Adem\u00e1s es el s\u00f3leo, como muchas veces. Espero que m\u00e9dicos y fisios arreglen su problema. Yo, como siempre, pienso positivo y no voy a pensar lo malo para Gareth. Transmitimos que el momento de ahora es malo, pero va a salir de esto y la gente que estamos a su alrededor vamos a darle cari\u00f1o hasta que se encuentre bien. No podemos olvidar que es un jugador importante para nosotros y que cuando est\u00e1 bien lo ha hecho fenomenal&#8221;, a\u00f1adi\u00f3.<\/p>\n<p>Por eso, Zidane pidi\u00f3 &#8220;paciencia&#8221; y traslad\u00f3 a Bale la decisi\u00f3n del momento para volver a jugar. &#8220;Depende de \u00e9l ahora y no puedo dar una fecha. Lo \u00fanico que espero es que sea la semana que viene&#8221;.<\/p>\n<p>Las continuas lesiones del extremo gal\u00e9s, no rebajan la fe de Zidane en su jugador. &#8220;Creo que en Bale y todo el mundo cree en \u00e9l&#8221;, confes\u00f3. &#8220;Es cierto que es una situaci\u00f3n complicada, sobre todo para \u00e9l que tiene ganas de jugar y entrenarse con sus compa\u00f1eros, pero como es un atleta de esta envergadura, un jugador diferente, hace falta que est\u00e9 siempre al cien por cien. Ha habido momentos que lo ha estado como en Dortmund o San Sebasti\u00e1n, pero en otros no ha estado igual de bien f\u00edsicamente&#8221;, reconoci\u00f3.<\/p>\n<p>Muchas de las preguntas de la comparecencia de Zidane en la v\u00edspera del duelo en San Mam\u00e9s ante el Athletic fueron orientadas a Bale. Su mensaje se repiti\u00f3, con el deseo de que pronto acabe la pesadilla que est\u00e1 sufriendo el gal\u00e9s.<\/p>\n<p>&#8220;No queremos perderle m\u00e1s tiempo, pero yo no dudo de su potencial, por lo que hay que tener paciencia porque no es nada grave. Le apoyamos y esperamos que salga de esta situaci\u00f3n muy r\u00e1pido. \u00c9l es el primero que quiere estar con nosotros, jugar y ganar, pero ahora mismo hay que tener paciencia&#8221;, sentenci\u00f3. EFE<\/p>\n<p>https:\/\/twitter.com\/realmadrid\/status\/936568730234118146<\/p>\n","protected":false},"excerpt":{"rendered":"<p>El gal\u00e9s volvi\u00f3 a resentirse de su lesi\u00f3n.<\/p>\n","protected":false},"author":129,"featured_media":473860,"comment_status":"closed","ping_status":"closed","sticky":false,"template":"","format":"standard","meta":[],"categories":[3839,3844],"tags":[6214,6043,10968,1913,5988],"_links":{"self":[{"href":"http:\/\/desarrollo.grupomedios.com\/futbol\/wp-json\/wp\/v2\/posts\/511001"}],"collection":[{"href":"http:\/\/desarrollo.grupomedios.com\/futbol\/wp-json\/wp\/v2\/posts"}],"about":[{"href":"http:\/\/desarrollo.grupomedios.com\/futbol\/wp-json\/wp\/v2\/types\/post"}],"author":[{"embeddable":true,"href":"http:\/\/desarrollo.grupomedios.com\/futbol\/wp-json\/wp\/v2\/users\/129"}],"replies":[{"embeddable":true,"href":"http:\/\/desarrollo.grupomedios.com\/futbol\/wp-json\/wp\/v2\/comments?post=511001"}],"version-history":[{"count":1,"href":"http:\/\/desarrollo.grupomedios.com\/futbol\/wp-json\/wp\/v2\/posts\/511001\/revisions"}],"predecessor-version":[{"id":511003,"href":"http:\/\/desarrollo.grupomedios.com\/futbol\/wp-json\/wp\/v2\/posts\/511001\/revisions\/511003"}],"wp:featuredmedia":[{"embeddable":true,"href":"http:\/\/desarrollo.grupomedios.com\/futbol\/wp-json\/wp\/v2\/media\/473860"}],"wp:attachment":[{"href":"http:\/\/desarrollo.grupomedios.com\/futbol\/wp-json\/wp\/v2\/media?parent=511001"}],"wp:term":[{"taxonomy":"category","embeddable":true,"href":"http:\/\/desarrollo.grupomedios.com\/futbol\/wp-json\/wp\/v2\/categories?post=511001"},{"taxonomy":"post_tag","embeddable":true,"href":"http:\/\/desarrollo.grupomedios.com\/futbol\/wp-json\/wp\/v2\/tags?post=511001"}],"curies":[{"name":"wp","href":"https:\/\/api.w.org\/{rel}","templated":true}]}}