{"id":511069,"date":"2017-12-01T15:27:57","date_gmt":"2017-12-01T21:27:57","guid":{"rendered":"https:\/\/www.futboltotal.com.mx\/?p=511069"},"modified":"2017-12-01T20:00:16","modified_gmt":"2017-12-02T02:00:16","slug":"porto-0-benfica-0-primeira-liga-2017-resumen","status":"publish","type":"post","link":"http:\/\/desarrollo.grupomedios.com\/futbol\/destacado-home\/porto-0-benfica-0-primeira-liga-2017-resumen\/2017\/12","title":{"rendered":"Porto y Benfica aburren en Cl\u00e1sico de Portugal"},"content":{"rendered":"<p>El cuadro del <strong>Porto y Benfica<\/strong> empataron sin goles en el cl\u00e1sico de <strong>Portugal<\/strong> en un aburrido partido que termin\u00f3 con acci\u00f3n de dos mexicanos, <strong>H\u00e9ctor Herrera<\/strong> que jug\u00f3 los noventa minutos y <strong>Ra\u00fal Jim\u00e9nez<\/strong> estuvo 7 minutos en el terreno de juego; <strong>Diego Reyes y Miguel Lay\u00fan<\/strong> se quedaron en la banca<\/p>\n<p>El cuadro de los <strong>Dragones<\/strong> comenzaron dominando el encuentro, pues a pesar que no lograban jugadas claras en el marco de <strong>Varela,<\/strong> si ten\u00edan la posesi\u00f3n, aunque las <strong>\u00c1guilas<\/strong> dieron muestras de peligro gracias a la pelota detenida y <strong>Luisao,<\/strong> quien se mostr\u00f3 gracias a su altura y <strong>Jonas<\/strong> que tuvo una jugada en donde pudo haber marcado el primer tanto del juego.<\/p>\n<p>Despu\u00e9s de los primeros 15 minutos el equipo que busc\u00f3 m\u00e1s el arco contrario fue el Porto, quien con <strong>Marega y H\u00e9ctor Herrera<\/strong> que se mostraron con buenas jugadas para intentar romper a la defensiva visitante. Danilo Pereira por su parte tuvo una jugada espectacular de chilena a la que no pudo darle direcci\u00f3n de arco.<\/p>\n<p>Sin embargo, la m\u00e1s clara de la primera parte la tuvo <strong>Marega<\/strong> quien en un mano a mano no logr\u00f3 anotar y acabaron desviando su disparo a tiro de esquina, en la siguiente jugada el mexicano <strong>H\u00e9ctor Herrera<\/strong> prob\u00f3 a porter\u00eda con un disparo apenas afuera del \u00e1rea que el arquero resolvi\u00f3 a dos manos mandando el esf\u00e9rico hacia afuera.<\/p>\n<p style=\"text-align: center;\"><a href=\"https:\/\/www.futboltotal.com.mx\/futbol-mexicano\/liga-mx\/guillermo-vazquez-sera-dt-veracruz\/2017\/12\">VER M\u00c1S: Guillermo V\u00e1zquez ser\u00e1 DT de Veracruz<\/a><\/p>\n<p>Al inicio del segundo tiempo volvi\u00f3 a ser<strong>\u00a0Moussa Marega<\/strong> un protagonista importante, pues luego de un tiro de <strong>Brahimi<\/strong> que rechaz\u00f3 Varela, el esf\u00e9rico le quedo al de <strong>Mal\u00ed<\/strong>, quien con el arco solo no pudo empujar el esf\u00e9rico. No hab\u00edan pasado ni diez minutos del suceso cuando tuvo otra oportunidad en un mano a mano ante el arquero que no supo resolver y mand\u00f3 su disparo por un lado del arco.<\/p>\n<p>El dominio del <strong>Porto<\/strong> era absoluto, la entrada de <strong>Ot\u00e1vio<\/strong> le dio mayor v\u00e9rtigo al ataque y el mexicano que sali\u00f3 con el gafete de capit\u00e1n volvi\u00f3 a cimbrar el arco con un disparo al minuto 63. <strong>Felipe<\/strong> tuvo una oportunidad importante en un tiro de esquina pero no fue capaz de mandar el bal\u00f3n con direcci\u00f3n al arco y se perdi\u00f3 otra oportunidad.<\/p>\n<p>El dominio de los <strong>Dragones<\/strong> era abrumador pero no lograban anotar, Felipe tuvo una nueva oportunidad pero no supo c\u00f3mo resolver y termin\u00f3 haciendo un tiro-centro que no se col\u00f3 en la porter\u00eda. En los \u00faltimos minutos <strong>Grimaldo<\/strong> tuvo una jugada importante para el Benfica pero no supo resolver un mano a mano ante <strong>Jos\u00e9 S\u00e1<\/strong>; mientras que <strong>Marega<\/strong> coron\u00f3 su amarga noche dejando ir un bal\u00f3n dentro del \u00e1rea y tirando con el tal\u00f3n en un verdadero oso.<\/p>\n<p style=\"text-align: center;\"><a href=\"https:\/\/www.futboltotal.com.mx\/futbol-mexicano\/liga-mx\/nestor-araujo-cada-vez-cerca-chivas\/2017\/12\">VER M\u00c1S: N\u00e9stor Araujo, cada vez m\u00e1s cerca de Chivas<\/a><\/p>\n<p>&nbsp;<\/p>\n","protected":false},"excerpt":{"rendered":"<p>Dos mexicanos vieron acci\u00f3n durante el encuentro <\/p>\n","protected":false},"author":159,"featured_media":511076,"comment_status":"closed","ping_status":"closed","sticky":false,"template":"","format":"standard","meta":[],"categories":[5,3839,7709],"tags":[6060,5995,1208,9195,742],"_links":{"self":[{"href":"http:\/\/desarrollo.grupomedios.com\/futbol\/wp-json\/wp\/v2\/posts\/511069"}],"collection":[{"href":"http:\/\/desarrollo.grupomedios.com\/futbol\/wp-json\/wp\/v2\/posts"}],"about":[{"href":"http:\/\/desarrollo.grupomedios.com\/futbol\/wp-json\/wp\/v2\/types\/post"}],"author":[{"embeddable":true,"href":"http:\/\/desarrollo.grupomedios.com\/futbol\/wp-json\/wp\/v2\/users\/159"}],"replies":[{"embeddable":true,"href":"http:\/\/desarrollo.grupomedios.com\/futbol\/wp-json\/wp\/v2\/comments?post=511069"}],"version-history":[{"count":1,"href":"http:\/\/desarrollo.grupomedios.com\/futbol\/wp-json\/wp\/v2\/posts\/511069\/revisions"}],"predecessor-version":[{"id":511077,"href":"http:\/\/desarrollo.grupomedios.com\/futbol\/wp-json\/wp\/v2\/posts\/511069\/revisions\/511077"}],"wp:featuredmedia":[{"embeddable":true,"href":"http:\/\/desarrollo.grupomedios.com\/futbol\/wp-json\/wp\/v2\/media\/511076"}],"wp:attachment":[{"href":"http:\/\/desarrollo.grupomedios.com\/futbol\/wp-json\/wp\/v2\/media?parent=511069"}],"wp:term":[{"taxonomy":"category","embeddable":true,"href":"http:\/\/desarrollo.grupomedios.com\/futbol\/wp-json\/wp\/v2\/categories?post=511069"},{"taxonomy":"post_tag","embeddable":true,"href":"http:\/\/desarrollo.grupomedios.com\/futbol\/wp-json\/wp\/v2\/tags?post=511069"}],"curies":[{"name":"wp","href":"https:\/\/api.w.org\/{rel}","templated":true}]}}