{"id":511074,"date":"2017-12-01T16:30:15","date_gmt":"2017-12-01T22:30:15","guid":{"rendered":"https:\/\/www.futboltotal.com.mx\/?p=511074"},"modified":"2017-12-01T16:30:15","modified_gmt":"2017-12-01T22:30:15","slug":"estamos-vivos-nunca-miguel-herrera","status":"publish","type":"post","link":"http:\/\/desarrollo.grupomedios.com\/futbol\/futbol-mexicano\/estamos-vivos-nunca-miguel-herrera\/2017\/12","title":{"rendered":"Estamos m\u00e1s vivos que nunca: Miguel Herrera"},"content":{"rendered":"<p>POR: STAFF FT<\/p>\n<p><strong>Miguel Herrera<\/strong>, t\u00e9cnico del <strong>Am\u00e9rica<\/strong>, destac\u00f3 que &#8220;estamos m\u00e1s vivos que nunca&#8221; en la serie de semifinal contra los <strong>Tigres<\/strong>.<\/p>\n<p>El <em>&#8216;Piojo&#8217;<\/em> se\u00f1al\u00f3 que si bien no se hizo un buen partido en el duelo de ida contra los felinos, tiene un resultado que a\u00fan es alcanzable y superable.<\/p>\n<p>Miguel Herrera acept\u00f3 que &#8220;no jugamos un buen partido, nos llevamos una derrota, pero esa derrota nos dej\u00f3 vivos&#8221; a su salida hacia Nuevo Le\u00f3n para encarar el juego de vuelta en el <strong>estadio Universitario<\/strong>.<\/p>\n<p style=\"text-align: center;\"><span style=\"color: #333399;\"><a href=\"https:\/\/www.futboltotal.com.mx\/destacado-home\/cecilio-romero-dejaran-america-al-finalizar-apertura-2017\/2017\/12\">VER M\u00c1S:\u00a0<span class=\"item-title\">Cecilio y Romero dejar\u00e1n Am\u00e9rica al final del Apertura 2017<\/span><\/a><\/span><\/p>\n<p>El t\u00e9cnico americanista dijo por otro lado que a\u00fan est\u00e1 en duda el regreso de Pablo Aguilar en la zaga azulcrema y de Cecilio Dom\u00ednguez como posible opci\u00f3n para estar al menos en la banca.<\/p>\n<p>&nbsp;<\/p>\n<p>&nbsp;<\/p>\n","protected":false},"excerpt":{"rendered":"<p>El t\u00e9cnico americanista asegur\u00f3 que tienen una gran oportunidad de dar la vuelta<\/p>\n","protected":false},"author":160,"featured_media":511078,"comment_status":"closed","ping_status":"closed","sticky":false,"template":"","format":"standard","meta":[],"categories":[2198,3845],"tags":[5959,255,994,5973],"_links":{"self":[{"href":"http:\/\/desarrollo.grupomedios.com\/futbol\/wp-json\/wp\/v2\/posts\/511074"}],"collection":[{"href":"http:\/\/desarrollo.grupomedios.com\/futbol\/wp-json\/wp\/v2\/posts"}],"about":[{"href":"http:\/\/desarrollo.grupomedios.com\/futbol\/wp-json\/wp\/v2\/types\/post"}],"author":[{"embeddable":true,"href":"http:\/\/desarrollo.grupomedios.com\/futbol\/wp-json\/wp\/v2\/users\/160"}],"replies":[{"embeddable":true,"href":"http:\/\/desarrollo.grupomedios.com\/futbol\/wp-json\/wp\/v2\/comments?post=511074"}],"version-history":[{"count":2,"href":"http:\/\/desarrollo.grupomedios.com\/futbol\/wp-json\/wp\/v2\/posts\/511074\/revisions"}],"predecessor-version":[{"id":511080,"href":"http:\/\/desarrollo.grupomedios.com\/futbol\/wp-json\/wp\/v2\/posts\/511074\/revisions\/511080"}],"wp:featuredmedia":[{"embeddable":true,"href":"http:\/\/desarrollo.grupomedios.com\/futbol\/wp-json\/wp\/v2\/media\/511078"}],"wp:attachment":[{"href":"http:\/\/desarrollo.grupomedios.com\/futbol\/wp-json\/wp\/v2\/media?parent=511074"}],"wp:term":[{"taxonomy":"category","embeddable":true,"href":"http:\/\/desarrollo.grupomedios.com\/futbol\/wp-json\/wp\/v2\/categories?post=511074"},{"taxonomy":"post_tag","embeddable":true,"href":"http:\/\/desarrollo.grupomedios.com\/futbol\/wp-json\/wp\/v2\/tags?post=511074"}],"curies":[{"name":"wp","href":"https:\/\/api.w.org\/{rel}","templated":true}]}}