{"id":511075,"date":"2017-12-01T16:51:55","date_gmt":"2017-12-01T22:51:55","guid":{"rendered":"https:\/\/www.futboltotal.com.mx\/?p=511075"},"modified":"2017-12-01T16:51:55","modified_gmt":"2017-12-01T22:51:55","slug":"matias-britos-deja-de-ser-jugador-del-al-hilal","status":"publish","type":"post","link":"http:\/\/desarrollo.grupomedios.com\/futbol\/futbol-mexicano\/matias-britos-deja-de-ser-jugador-del-al-hilal\/2017\/12","title":{"rendered":"Mat\u00edas Britos deja de ser jugador del Al-Hilal"},"content":{"rendered":"<p><strong>POR: STAFF FT<\/strong><\/p>\n<p>El delantero charr\u00faa <strong>Mat\u00edas Britos<\/strong> ha quedado oficialmente fuera del\u00a0<strong>Al-Hilal<\/strong> de <strong>Arabia Saudita<\/strong> y estar\u00e1 abierto a nuevos horizontes para este mercado invernal, luego que su equipo venciera\u00a0<strong>Al-Kalasico<\/strong> y el atacante no fuera tomado en cuenta por Ram\u00f3n D\u00edaz quien ha dicho que no contar\u00e1 con \u00e9l para la pr\u00f3ximo a\u00f1o.<\/p>\n<p>De acuerdo con el portal \u00e1rabe kora.com, adem\u00e1s de otros medios del pa\u00eds, el vicepresidente del club,\u00a0<strong>Abdulrahman Al-Nimr<\/strong> indic\u00f3 que <strong>&#8220;Mat\u00edas Britos est\u00e1 completamente fuera del Al-Hilal, puede ser un buen jugador pero no ha dado una buena versi\u00f3n en el equipo.\u00a0Esperamos tener \u00e9xito en contratar a un jugador en el invierno&#8221;.<\/strong><\/p>\n<p style=\"text-align: center;\"><a href=\"https:\/\/www.futboltotal.com.mx\/futbol-mexicano\/liga-mx\/nestor-araujo-cada-vez-cerca-chivas\/2017\/12\">VER M\u00c1S: N\u00e9stor Araujo, cada vez m\u00e1s cerca de Chivas<\/a><\/p>\n<p>Esto hace que los rumores sobre una posible vuelta al futbol mexicano se haga m\u00e1s latente, no ser\u00eda necesariamente a <strong>Pumas<\/strong>, aunque es una posibilidad, las diferencias lo hacen poco probable; sin embargo, en \u00faltimos d\u00edas el diario AS ha indicado que el cuadro de <strong>Cruz Azul<\/strong> tendr\u00eda intenciones de repatriar al delantero uruguayo de cara al <strong>Clausura 2018.<\/strong><\/p>\n<p>El delantero se fue para esta segunda parte del 2017 al futbol de Arabia Saudita y ten\u00eda un contrato por dos a\u00f1os y posibilidad de una extensi\u00f3n para un a\u00f1o m\u00e1s con el club de la media luna, sin embargo consideraron que no dio un buen rendimiento. Disput\u00f3 <strong>6 partidos de la presente campa\u00f1a y anot\u00f3 un gol<\/strong>.<\/p>\n<p><iframe loading=\"lazy\" src=\"https:\/\/www.youtube.com\/embed\/QfBYLgRHZCU?feature=oembed\" frameborder=\"0\" gesture=\"media\" allow=\"encrypted-media\" allowfullscreen><\/iframe><\/p>\n<p style=\"text-align: center;\"><a href=\"https:\/\/www.futboltotal.com.mx\/futbol-mexicano\/liga-mx\/cecilio-romero-dejaran-america-al-finalizar-apertura-2017\/2017\/12\">VER M\u00c1S: Cecilio y Romero dejar\u00e1n Am\u00e9rica al final del Apertura 2017<\/a><\/p>\n<p>&nbsp;<\/p>\n","protected":false},"excerpt":{"rendered":"<p>El uruguayo no tuvo el rendimiento adecuado y podr\u00eda regresar a la Liga MX<\/p>\n","protected":false},"author":159,"featured_media":511086,"comment_status":"closed","ping_status":"closed","sticky":false,"template":"","format":"standard","meta":[],"categories":[2198,3845],"tags":[9463,5962,64,436,74],"_links":{"self":[{"href":"http:\/\/desarrollo.grupomedios.com\/futbol\/wp-json\/wp\/v2\/posts\/511075"}],"collection":[{"href":"http:\/\/desarrollo.grupomedios.com\/futbol\/wp-json\/wp\/v2\/posts"}],"about":[{"href":"http:\/\/desarrollo.grupomedios.com\/futbol\/wp-json\/wp\/v2\/types\/post"}],"author":[{"embeddable":true,"href":"http:\/\/desarrollo.grupomedios.com\/futbol\/wp-json\/wp\/v2\/users\/159"}],"replies":[{"embeddable":true,"href":"http:\/\/desarrollo.grupomedios.com\/futbol\/wp-json\/wp\/v2\/comments?post=511075"}],"version-history":[{"count":1,"href":"http:\/\/desarrollo.grupomedios.com\/futbol\/wp-json\/wp\/v2\/posts\/511075\/revisions"}],"predecessor-version":[{"id":511087,"href":"http:\/\/desarrollo.grupomedios.com\/futbol\/wp-json\/wp\/v2\/posts\/511075\/revisions\/511087"}],"wp:featuredmedia":[{"embeddable":true,"href":"http:\/\/desarrollo.grupomedios.com\/futbol\/wp-json\/wp\/v2\/media\/511086"}],"wp:attachment":[{"href":"http:\/\/desarrollo.grupomedios.com\/futbol\/wp-json\/wp\/v2\/media?parent=511075"}],"wp:term":[{"taxonomy":"category","embeddable":true,"href":"http:\/\/desarrollo.grupomedios.com\/futbol\/wp-json\/wp\/v2\/categories?post=511075"},{"taxonomy":"post_tag","embeddable":true,"href":"http:\/\/desarrollo.grupomedios.com\/futbol\/wp-json\/wp\/v2\/tags?post=511075"}],"curies":[{"name":"wp","href":"https:\/\/api.w.org\/{rel}","templated":true}]}}