{"id":511147,"date":"2017-12-02T19:15:25","date_gmt":"2017-12-03T01:15:25","guid":{"rendered":"https:\/\/www.futboltotal.com.mx\/?p=511147"},"modified":"2017-12-02T19:15:25","modified_gmt":"2017-12-03T01:15:25","slug":"la-aficion-despide-a-pachuca-previo-al-mundial-clubes","status":"publish","type":"post","link":"http:\/\/desarrollo.grupomedios.com\/futbol\/futbol-mexicano\/la-aficion-despide-a-pachuca-previo-al-mundial-clubes\/2017\/12","title":{"rendered":"La afici\u00f3n despide a Pachuca previo al Mundial de Clubes"},"content":{"rendered":"<p>POR: STAFF FT<\/p>\n<p>La afici\u00f3n de los <strong>Tuzos<\/strong> acudi\u00f3 al estadio Hidalgo para despedir a sus futbolistas que viajar\u00e1n a <strong>Emiratos \u00c1rabes Unidos<\/strong> para encarar el Mundial de Clubes.<\/p>\n<p>Los aficionados hidalguenses se encuentran en la Cabecera Norte del coloso tuzo para dar buena suerte a su equipo en la competici\u00f3n intercontinental.<\/p>\n<p>&#8220;La barra loca del Centenario, la que te sigue a todos lados, la que te lleva en el coraz\u00f3n&#8221;, fue el canto de los seguidores tuzos a su escuadra.<\/p>\n<p style=\"text-align: center;\"><span style=\"color: #333399;\"><a href=\"https:\/\/www.futboltotal.com.mx\/futbol-internacional\/pachuca-presenta-plantel-mundial-clubes\/2017\/11\">VER M\u00c1S:\u00a0<span class=\"item-title\">Pachuca presenta su plantel para Mundial de Clubes<\/span><\/a><\/span><\/p>\n<p><strong>Pachuca<\/strong> comenzar\u00e1 su participaci\u00f3n el pr\u00f3ximo s\u00e1bado 9 de diciembre contra el <strong>Wydad Casablanca<\/strong> de Marruecos.<\/p>\n<blockquote class=\"twitter-video\" data-lang=\"es\">\n<p dir=\"ltr\" lang=\"es\">\u00a1Lleg\u00f3 la banda loca del centenario!<a href=\"https:\/\/twitter.com\/hashtag\/El%C3%9AnicoEnMi?src=hash&amp;ref_src=twsrc%5Etfw\">#El\u00danicoEnMi<\/a>&#x1f499; <a href=\"https:\/\/t.co\/WnAYldu5RP\">pic.twitter.com\/WnAYldu5RP<\/a><\/p>\n<p>\u2014 Club Pachuca (@Tuzos) <a href=\"https:\/\/twitter.com\/Tuzos\/status\/937120790524313600?ref_src=twsrc%5Etfw\">3 de diciembre de 2017<\/a><\/p><\/blockquote>\n<p><script async src=\"https:\/\/platform.twitter.com\/widgets.js\" charset=\"utf-8\"><\/script><\/p>\n","protected":false},"excerpt":{"rendered":"<p>Los Tuzos viajaran a Emiratos \u00c1rabes Unidos para el Mundial de Clubes<\/p>\n","protected":false},"author":160,"featured_media":511148,"comment_status":"closed","ping_status":"closed","sticky":false,"template":"","format":"standard","meta":[],"categories":[2198,11040],"tags":[415,5968],"_links":{"self":[{"href":"http:\/\/desarrollo.grupomedios.com\/futbol\/wp-json\/wp\/v2\/posts\/511147"}],"collection":[{"href":"http:\/\/desarrollo.grupomedios.com\/futbol\/wp-json\/wp\/v2\/posts"}],"about":[{"href":"http:\/\/desarrollo.grupomedios.com\/futbol\/wp-json\/wp\/v2\/types\/post"}],"author":[{"embeddable":true,"href":"http:\/\/desarrollo.grupomedios.com\/futbol\/wp-json\/wp\/v2\/users\/160"}],"replies":[{"embeddable":true,"href":"http:\/\/desarrollo.grupomedios.com\/futbol\/wp-json\/wp\/v2\/comments?post=511147"}],"version-history":[{"count":1,"href":"http:\/\/desarrollo.grupomedios.com\/futbol\/wp-json\/wp\/v2\/posts\/511147\/revisions"}],"predecessor-version":[{"id":511149,"href":"http:\/\/desarrollo.grupomedios.com\/futbol\/wp-json\/wp\/v2\/posts\/511147\/revisions\/511149"}],"wp:featuredmedia":[{"embeddable":true,"href":"http:\/\/desarrollo.grupomedios.com\/futbol\/wp-json\/wp\/v2\/media\/511148"}],"wp:attachment":[{"href":"http:\/\/desarrollo.grupomedios.com\/futbol\/wp-json\/wp\/v2\/media?parent=511147"}],"wp:term":[{"taxonomy":"category","embeddable":true,"href":"http:\/\/desarrollo.grupomedios.com\/futbol\/wp-json\/wp\/v2\/categories?post=511147"},{"taxonomy":"post_tag","embeddable":true,"href":"http:\/\/desarrollo.grupomedios.com\/futbol\/wp-json\/wp\/v2\/tags?post=511147"}],"curies":[{"name":"wp","href":"https:\/\/api.w.org\/{rel}","templated":true}]}}