{"id":511164,"date":"2017-12-02T22:28:37","date_gmt":"2017-12-03T04:28:37","guid":{"rendered":"https:\/\/www.futboltotal.com.mx\/?p=511164"},"modified":"2017-12-03T15:31:10","modified_gmt":"2017-12-03T21:31:10","slug":"america-te-exige-titulo-lo-demas-sirve-miguel-herrera","status":"publish","type":"post","link":"http:\/\/desarrollo.grupomedios.com\/futbol\/futbol-mexicano\/america-te-exige-titulo-lo-demas-sirve-miguel-herrera\/2017\/12","title":{"rendered":"Am\u00e9rica te exige el t\u00edtulo, lo dem\u00e1s no sirve: Miguel Herrera"},"content":{"rendered":"<p><strong>POR: STAFF FT<\/strong><\/p>\n<p><strong>Miguel Herrera<\/strong>, t\u00e9cnico del <strong>Am\u00e9rica<\/strong>, afirm\u00f3 que la exigencia en las \u00c1guilas es el t\u00edtulo, lo dem\u00e1s simplemente no sirve en la instituci\u00f3n.<\/p>\n<p>El estratega azulcrema asegur\u00f3 que el torneo no fue malo al haber calificado como el tercer mejor club del torneo y haber llegado hasta las semifinales.<\/p>\n<p>&#8220;Dentro del todo, no hicimos tan mal torneo, hicimos 30 puntos, fuimos el tercer mejor equipo del torneo, pero ac\u00e1 no sirve nada m\u00e1s que el t\u00edtulo&#8221;, se\u00f1al\u00f3 Herrera.<\/p>\n<p style=\"text-align: center;\"><span style=\"color: #333399;\"><a href=\"https:\/\/www.futboltotal.com.mx\/destacado-home\/tigres-3-america-0-liguilla-apertura-2017-resumen\/2017\/12\">VER M\u00c1S:\u00a0<span class=\"item-title\">Tigres golea a las \u00c1guilas y sella su pase a la Final del Apertura 2017<\/span><\/a><\/span><\/p>\n<p>Sobre las posibles bajas de las \u00c1guilas, Miguel Herrera asegur\u00f3 que para ello se tiene que hacer una evaluaci\u00f3n junto con <strong>Santiago Ba\u00f1os<\/strong>, presidente deportivo de Am\u00e9rica, para tomar decisiones.<\/p>\n<p>Se habla de que algunos futbolistas como Silvio Romero, Darwin Quintero, Cecilio Dom\u00ednguez y Miguel Samudio podr\u00edan ser elementos que dejar\u00edan a la instituci\u00f3n azulcrema.<\/p>\n<p>Al respecto, el &#8216;Piojo&#8217; destac\u00f3 que &#8220;no se trata de hacer una limpia, simplemente se va a tratar de fortalecer a la instituci\u00f3n&#8221;.<\/p>\n<p style=\"text-align: center;\"><span style=\"color: #333399;\"><a href=\"https:\/\/www.futboltotal.com.mx\/futbol-mexicano\/america-llora-la-eliminacion-en-los-memes\/2017\/12\">VER M\u00c1S:\u00a0<span class=\"item-title\">Am\u00e9rica llora la eliminaci\u00f3n en los memes<\/span><\/a><\/span><\/p>\n","protected":false},"excerpt":{"rendered":"<p>El &#8216;Piojo&#8217; dijo que las \u00c1guilas no har\u00e1n una &#8220;limpia&#8221; de jugadores<\/p>\n","protected":false},"author":160,"featured_media":511165,"comment_status":"closed","ping_status":"closed","sticky":false,"template":"","format":"standard","meta":[],"categories":[2198,3845],"tags":[5959,8357,1046,255,3267,5973],"_links":{"self":[{"href":"http:\/\/desarrollo.grupomedios.com\/futbol\/wp-json\/wp\/v2\/posts\/511164"}],"collection":[{"href":"http:\/\/desarrollo.grupomedios.com\/futbol\/wp-json\/wp\/v2\/posts"}],"about":[{"href":"http:\/\/desarrollo.grupomedios.com\/futbol\/wp-json\/wp\/v2\/types\/post"}],"author":[{"embeddable":true,"href":"http:\/\/desarrollo.grupomedios.com\/futbol\/wp-json\/wp\/v2\/users\/160"}],"replies":[{"embeddable":true,"href":"http:\/\/desarrollo.grupomedios.com\/futbol\/wp-json\/wp\/v2\/comments?post=511164"}],"version-history":[{"count":1,"href":"http:\/\/desarrollo.grupomedios.com\/futbol\/wp-json\/wp\/v2\/posts\/511164\/revisions"}],"predecessor-version":[{"id":511166,"href":"http:\/\/desarrollo.grupomedios.com\/futbol\/wp-json\/wp\/v2\/posts\/511164\/revisions\/511166"}],"wp:featuredmedia":[{"embeddable":true,"href":"http:\/\/desarrollo.grupomedios.com\/futbol\/wp-json\/wp\/v2\/media\/511165"}],"wp:attachment":[{"href":"http:\/\/desarrollo.grupomedios.com\/futbol\/wp-json\/wp\/v2\/media?parent=511164"}],"wp:term":[{"taxonomy":"category","embeddable":true,"href":"http:\/\/desarrollo.grupomedios.com\/futbol\/wp-json\/wp\/v2\/categories?post=511164"},{"taxonomy":"post_tag","embeddable":true,"href":"http:\/\/desarrollo.grupomedios.com\/futbol\/wp-json\/wp\/v2\/tags?post=511164"}],"curies":[{"name":"wp","href":"https:\/\/api.w.org\/{rel}","templated":true}]}}