{"id":511182,"date":"2017-12-03T11:00:53","date_gmt":"2017-12-03T17:00:53","guid":{"rendered":"https:\/\/www.futboltotal.com.mx\/?p=511182"},"modified":"2017-12-03T11:00:53","modified_gmt":"2017-12-03T17:00:53","slug":"inter-milan-5-chievo-verona-0-liga-de-italia-resumen","status":"publish","type":"post","link":"http:\/\/desarrollo.grupomedios.com\/futbol\/futbol-internacional\/inter-milan-5-chievo-verona-0-liga-de-italia-resumen\/2017\/12","title":{"rendered":"Inter de Mil\u00e1n, nuevo l\u00edder de la Serie A en Italia"},"content":{"rendered":"<p><strong>POR: EFE<\/strong><\/p>\n<p>El <strong>Inter de Mil\u00e1n<\/strong> alcanz\u00f3 este domingo el liderato en solitario en la liga italiana, al golear 5-0 al <strong>Chievo Verona<\/strong>, en una decimoquinta jornada en la que el argentino Giovanni Simeone gui\u00f3 el regreso al triunfo del Fiorentina, ante el Sassuolo.<\/p>\n<p>El domingo futbol\u00edstico italiano se abri\u00f3 con el Benevento que consigui\u00f3 el primer punto de su historia en la Primera Divisi\u00f3n gracias a un 2-2 contra el Milan del nuevo t\u00e9cnico Gennaro Gattuso conseguido en el \u00faltimo suspiro con un cabezazo del portero, Alberto Brignoli.<\/p>\n<p>Si la jornada empez\u00f3 con una sorpresa, ya que el colista Benevento rompi\u00f3 su racha de catorce derrotas en catorce jornadas, el encuentro del Inter nunca estuvo en discusi\u00f3n y tuvo al croata Ivan Perisic como protagonista, con un gran triplete.<\/p>\n<p>El Inter encaraba el duelo ante el Chievo con la gran posibilidad de alcanzar el mando de la tabla, tras la derrota del l\u00edder N\u00e1poles sufrida el pasado viernes en el choque directo contra el Juventus, y sali\u00f3 con agresividad, empujado por los 54.000 aficionados de San Siro.<\/p>\n<p style=\"text-align: center;\"><span style=\"color: #333399;\"><a href=\"https:\/\/www.futboltotal.com.mx\/videos\/benevento-2-milan-2-brignoli-liga-de-italia-resumen\/2017\/12\">VER M\u00c1S:\u00a0<span class=\"item-title\">Benevento le arruina el triunfo al Milan con gol del portero<\/span><\/a><\/span><\/p>\n<p style=\"text-align: left;\">Pese a la baja del brasile\u00f1o Joao Miranda, sancionado, y del uruguayo Mat\u00edas Vecino, que no jug\u00f3 por una sobrecarga muscular, el Inter fue muy s\u00f3lido y se fue al descanso por delante 2-0 gracias a <strong>Perisic<\/strong> (m.23) y al argentino <strong>Mauro Icardi<\/strong> (m.38).<\/p>\n<p>El internacional argentino ya es el m\u00e1ximo artillero de la liga italiana, con 16 goles en 15 jornadas, y se confirm\u00f3 como uno de los delanteros m\u00e1s en forma de Europa.<\/p>\n<p>En la reanudaci\u00f3n, los milaneses completaron su goleada gracias a Perisic, que firm\u00f3 otros dos goles, en el 57 y en el 92, y a un cabezazo de defensa eslovaco Milan Skriniar (m.60), que determinaron el contundente 5-0 final.<\/p>\n<p>As\u00ed, a falta de seis d\u00edas para la visita al Juventus, el Inter se coloc\u00f3 l\u00edder, con 39 puntos, uno m\u00e1s que el N\u00e1poles y dos m\u00e1s con respecto a los turineses, seis veces consecutivas campeones de Italia.<\/p>\n<p><iframe loading=\"lazy\" src=\"https:\/\/www.youtube.com\/embed\/xc8dDe6CJdo\" frameborder=\"0\" allowfullscreen=\"allowfullscreen\"><\/iframe><\/p>\n","protected":false},"excerpt":{"rendered":"<p>El Inter ha superado al Napoli y a la Juventus, con lo que es el mejor de la Serie A<\/p>\n","protected":false},"author":160,"featured_media":511183,"comment_status":"closed","ping_status":"closed","sticky":false,"template":"","format":"standard","meta":[],"categories":[3839,3848],"tags":[3409,227,3759,5958],"_links":{"self":[{"href":"http:\/\/desarrollo.grupomedios.com\/futbol\/wp-json\/wp\/v2\/posts\/511182"}],"collection":[{"href":"http:\/\/desarrollo.grupomedios.com\/futbol\/wp-json\/wp\/v2\/posts"}],"about":[{"href":"http:\/\/desarrollo.grupomedios.com\/futbol\/wp-json\/wp\/v2\/types\/post"}],"author":[{"embeddable":true,"href":"http:\/\/desarrollo.grupomedios.com\/futbol\/wp-json\/wp\/v2\/users\/160"}],"replies":[{"embeddable":true,"href":"http:\/\/desarrollo.grupomedios.com\/futbol\/wp-json\/wp\/v2\/comments?post=511182"}],"version-history":[{"count":1,"href":"http:\/\/desarrollo.grupomedios.com\/futbol\/wp-json\/wp\/v2\/posts\/511182\/revisions"}],"predecessor-version":[{"id":511184,"href":"http:\/\/desarrollo.grupomedios.com\/futbol\/wp-json\/wp\/v2\/posts\/511182\/revisions\/511184"}],"wp:featuredmedia":[{"embeddable":true,"href":"http:\/\/desarrollo.grupomedios.com\/futbol\/wp-json\/wp\/v2\/media\/511183"}],"wp:attachment":[{"href":"http:\/\/desarrollo.grupomedios.com\/futbol\/wp-json\/wp\/v2\/media?parent=511182"}],"wp:term":[{"taxonomy":"category","embeddable":true,"href":"http:\/\/desarrollo.grupomedios.com\/futbol\/wp-json\/wp\/v2\/categories?post=511182"},{"taxonomy":"post_tag","embeddable":true,"href":"http:\/\/desarrollo.grupomedios.com\/futbol\/wp-json\/wp\/v2\/tags?post=511182"}],"curies":[{"name":"wp","href":"https:\/\/api.w.org\/{rel}","templated":true}]}}