{"id":511203,"date":"2017-12-03T15:07:20","date_gmt":"2017-12-03T21:07:20","guid":{"rendered":"https:\/\/www.futboltotal.com.mx\/?p=511203"},"modified":"2017-12-03T15:07:20","modified_gmt":"2017-12-03T21:07:20","slug":"las-palmas-descartaria-a-paco-jemez-argentino-jorge-almiron","status":"publish","type":"post","link":"http:\/\/desarrollo.grupomedios.com\/futbol\/futbol-internacional\/las-palmas-descartaria-a-paco-jemez-argentino-jorge-almiron\/2017\/12","title":{"rendered":"Las Palmas descarta a Paco J\u00e9mez por el argentino Jorge Almir\u00f3n"},"content":{"rendered":"<p><strong>Jorge Almir\u00f3n<\/strong>, actual entrenador del<strong> Lan\u00fas<\/strong> de Argentina, reconoci\u00f3 hoy que tiene un principio de acuerdo para dirigir al club espa\u00f1ol <strong>Uni\u00f3n Deportiva Las Palmas.<\/strong><\/p>\n<p>&#8220;Est\u00e1 casi definido que voy a <strong>Espa\u00f1a<\/strong>, a Las Palmas, un equipo que est\u00e1 peleando por el descenso, totalmente diferente a lo que uno estaba acostumbrado ac\u00e1 pero es un desaf\u00edo en una liga importante. Me tengo que preparar r\u00e1pido porque seguramente esta semana se puede llegar a dar&#8221;, sostuvo el estratega de 46 a\u00f1os, que tendr\u00e1 su primera experiencia europea.<\/p>\n<p>Tras lograr el subcampeonato de la<strong> Copa Libertadores<\/strong> luego de perder la final ante <strong>Gremio<\/strong>, Almir\u00f3n dirigir\u00e1 este lunes por \u00faltima vez a Lan\u00fas en el encuentro contra <strong>V\u00e9lez Sarsfield<\/strong> por la und\u00e9cima jornada de la Superliga argentina.<\/p>\n<p style=\"text-align: center;\"><a href=\"https:\/\/www.futboltotal.com.mx\/futbol-mexicano\/giovani-dos-santos-talento-desperdiciado-aseguran-en-inglaterra\/2017\/12\"><span style=\"color: #3366ff;\">VER M\u00c1S: Giovani Dos Santos, \u201cun talento desperdiciado\u201d, aseguran en Inglaterra<\/span><\/a><\/p>\n<p>&#8220;El siguiente paso es totalmente diferente, es un desaf\u00edo nuevo porque pasar\u00e9 a luchar por evitar el descenso&#8221;, se\u00f1al\u00f3 el entrenador argentino en di\u00e1logo con el canal de televisi\u00f3n TyC Sports.<\/p>\n<p>Adem\u00e1s de sus experiencias locales en Defensa y Justicia, Godoy Cruz, Independiente y Lan\u00fas, este entrenador ya dirigi\u00f3 a cuatro clubes mexicanos fuera de su pa\u00eds: Dorados de Sinaloa, Veracruz, Correcaminos UAT y Tijuana.<\/p>\n<p>Sobre la posibilidad de pedirle a la Direcci\u00f3n Deportiva de Las Palmas la incorporaci\u00f3n de Iv\u00e1n Marcone, actual jugador del Lan\u00fas, Almir\u00f3n no se pronunci\u00f3 al respecto.<\/p>\n<p>Sin embargo, algunos directivos del actual subcampe\u00f3n de la Copa Libertadores reconocieron contactos por el mediocentro para incorporarse al club canario como fichaje del mercado de invierno europeo. EFE<\/p>\n<p style=\"text-align: center;\"><span style=\"color: #3366ff;\"><a href=\"https:\/\/www.futboltotal.com.mx\/futbol-internacional\/liga-de-inglaterra\/manchester-city-2-west-ham-1-premier-league-resumen\/2017\/12\">VER M\u00c1S: Manchester City remonta y gana al West Ham<\/a><\/span><\/p>\n","protected":false},"excerpt":{"rendered":"<p>El ex t\u00e9cnico de Cruz Azul era candidato a dirigir en LaLiga.<\/p>\n","protected":false},"author":129,"featured_media":509990,"comment_status":"closed","ping_status":"closed","sticky":false,"template":"","format":"standard","meta":[],"categories":[3839,3844],"tags":[3732,10968,4465,1913,7053],"_links":{"self":[{"href":"http:\/\/desarrollo.grupomedios.com\/futbol\/wp-json\/wp\/v2\/posts\/511203"}],"collection":[{"href":"http:\/\/desarrollo.grupomedios.com\/futbol\/wp-json\/wp\/v2\/posts"}],"about":[{"href":"http:\/\/desarrollo.grupomedios.com\/futbol\/wp-json\/wp\/v2\/types\/post"}],"author":[{"embeddable":true,"href":"http:\/\/desarrollo.grupomedios.com\/futbol\/wp-json\/wp\/v2\/users\/129"}],"replies":[{"embeddable":true,"href":"http:\/\/desarrollo.grupomedios.com\/futbol\/wp-json\/wp\/v2\/comments?post=511203"}],"version-history":[{"count":1,"href":"http:\/\/desarrollo.grupomedios.com\/futbol\/wp-json\/wp\/v2\/posts\/511203\/revisions"}],"predecessor-version":[{"id":511204,"href":"http:\/\/desarrollo.grupomedios.com\/futbol\/wp-json\/wp\/v2\/posts\/511203\/revisions\/511204"}],"wp:featuredmedia":[{"embeddable":true,"href":"http:\/\/desarrollo.grupomedios.com\/futbol\/wp-json\/wp\/v2\/media\/509990"}],"wp:attachment":[{"href":"http:\/\/desarrollo.grupomedios.com\/futbol\/wp-json\/wp\/v2\/media?parent=511203"}],"wp:term":[{"taxonomy":"category","embeddable":true,"href":"http:\/\/desarrollo.grupomedios.com\/futbol\/wp-json\/wp\/v2\/categories?post=511203"},{"taxonomy":"post_tag","embeddable":true,"href":"http:\/\/desarrollo.grupomedios.com\/futbol\/wp-json\/wp\/v2\/tags?post=511203"}],"curies":[{"name":"wp","href":"https:\/\/api.w.org\/{rel}","templated":true}]}}