{"id":511205,"date":"2017-12-03T16:17:40","date_gmt":"2017-12-03T22:17:40","guid":{"rendered":"https:\/\/www.futboltotal.com.mx\/?p=511205"},"modified":"2017-12-03T16:17:40","modified_gmt":"2017-12-03T22:17:40","slug":"delantero-puede-evitar-falta-gol-en-america","status":"publish","type":"post","link":"http:\/\/desarrollo.grupomedios.com\/futbol\/futbol-mexicano\/delantero-puede-evitar-falta-gol-en-america\/2017\/12","title":{"rendered":"\u00bfQu\u00e9 delantero puede evitar falta de gol en el Am\u00e9rica?"},"content":{"rendered":"<p>Luego de la <span style=\"color: #3366ff;\"><a href=\"https:\/\/www.futboltotal.com.mx\/destacado-home\/tigres-3-america-0-liguilla-apertura-2017-resumen\/2017\/12\">eliminaci\u00f3n ante Tigres en las Semifinales de la Liguilla<\/a><\/span>, donde no anotaron un solo gol en el <strong>Apertura 2017<\/strong>, el <strong>Am\u00e9rica<\/strong> ya se plantea buscar un delantero que termine con la sequ\u00eda que tiene desde hace un tiempo.<\/p>\n<p><strong>Las \u00c1guilas<\/strong> ya esperan el presupuesto para los refuerzos del <strong>Clasurua 2018<\/strong> y sin duda ir\u00e1n por un atacante que pueda terminar con la falta de gol en el equipo de <strong>Miguel Herrera<\/strong>.<\/p>\n<p>Es por ello que en <strong>Futbol Total<\/strong>, te presentamos a algunos candidatos que el Am\u00e9rica podr\u00eda considerar para el inicio del pr\u00f3ximo torneo.<\/p>\n<p style=\"text-align: center;\"><a href=\"https:\/\/www.futboltotal.com.mx\/futbol-mexicano\/liga-mx\/america-te-exige-titulo-lo-demas-sirve-miguel-herrera\/2017\/12\"><span style=\"color: #3366ff;\">VER M\u00c1S: Am\u00e9rica te exige el t\u00edtulo, lo dem\u00e1s no sirve: Miguel Herrera<\/span><\/a><\/p>\n<p><span style=\"color: #0000ff;\"><strong>Ra\u00fal Ruid\u00edaz | Monarcas Morelia<\/strong><\/span><\/p>\n<p>El atacante peruano se ha convertido en la estrella de Morelia desde su arribo en el Apertura 2016, donde ya ha sido parte fundamental para su equipo al salvarlo del descenso y meterlo a Semifinales en el presente torneo. En M\u00e9xico ya ha marcado 31 goles y ha sido bicampe\u00f3n de goleo de la Liga MX.<\/p>\n<p><iframe loading=\"lazy\" src=\"https:\/\/www.youtube.com\/embed\/iIwqxSslams?feature=oembed\" frameborder=\"0\" gesture=\"media\" allow=\"encrypted-media\" allowfullscreen><\/iframe><\/p>\n<p><strong><span style=\"color: #0000ff;\">Gustavo Bou | Xolos<\/span><\/strong><br \/>\nEn su primer torneo en M\u00e9xico, el atacante argentino demostr\u00f3 la gran calidad que posee. A pesar de que Tijuana no clasific\u00f3 a la Liguilla, la Pantera fue el jugador m\u00e1s destacado del club gracias a sus goles, pues posee un gran movimiento y control de pelota, adem\u00e1s de la gran definici\u00f3n dentro del \u00e1rea.<\/p>\n<p><iframe loading=\"lazy\" src=\"https:\/\/www.youtube.com\/embed\/cGvzMXQKEx0?feature=oembed\" frameborder=\"0\" gesture=\"media\" allow=\"encrypted-media\" allowfullscreen><\/iframe><\/p>\n<p><span style=\"color: #0000ff;\"><strong>Mauro Boselli | Le\u00f3n<\/strong><\/span><br \/>\nEn m\u00e1s de una ocasi\u00f3n, las \u00c1guilas han intentado llevarse al goleador del equipo Esmeralda pero no le han llegado al precio. Tras la desastrosa imagen con la que cerraron la Liguilla, parece que la directiva americanista estar\u00eda dispuesta a negociar por el argentino que lleva m\u00e1s de 100 goles con la camiseta de Le\u00f3n.<\/p>\n<p><iframe loading=\"lazy\" src=\"https:\/\/www.youtube.com\/embed\/eaJmWlimZUQ?feature=oembed\" frameborder=\"0\" gesture=\"media\" allow=\"encrypted-media\" allowfullscreen><\/iframe><\/p>\n<p><strong><span style=\"color: #0000ff;\">Fernando Uribe | Toluca<\/span><\/strong><\/p>\n<p>El futuro del atacante colombiano parece no estar en los Diablos Rojos pese a ser el m\u00e1ximo anotador en el torneo. Lamentablemente Uribe ha recibido criticas pro fallas m\u00e1s de lo que anota y por ello saldr\u00eda del equipo. Am\u00e9rica buscar\u00eda retomar al goleador del Toluca y podr\u00eda realizar un intercambio con Silvio Romero.<\/p>\n<p><iframe loading=\"lazy\" src=\"https:\/\/www.youtube.com\/embed\/I76M9_9lIsA?feature=oembed\" frameborder=\"0\" gesture=\"media\" allow=\"encrypted-media\" allowfullscreen><\/iframe><\/p>\n<p>&nbsp;<\/p>\n<p><span style=\"color: #0000ff;\"><strong>Paolo Guerrero | Flamengo<\/strong><\/span><\/p>\n<p>El Am\u00e9rica est\u00e1 urgido de un delantero de las caracter\u00edsticas del peruano. En la Selecci\u00f3n es el l\u00edder y m\u00e1ximo goleador de los incas y su gran capacidad a la ofensiva ser\u00eda el motivo por el que las \u00c1guilas podr\u00edan hacer una millonaria oferta al club brasile\u00f1o.<\/p>\n<p><iframe loading=\"lazy\" src=\"https:\/\/www.youtube.com\/embed\/FbqGDadLItk?feature=oembed\" frameborder=\"0\" gesture=\"media\" allow=\"encrypted-media\" allowfullscreen><\/iframe><\/p>\n<p><span style=\"color: #0000ff;\"><strong>Carlos Tevez | Shangh\u00e1i Shenhua<\/strong><\/span><\/p>\n<p>Tevez ha expresado su deseo por salir de China y terminar su paso por el Shanh\u00e1i, por lo que Am\u00e9rica podr\u00eda acercarse y hacer una oferta al jugador para convertirlo en el mejor pagado en M\u00e9xico. As\u00ed el club azulcrema estar\u00eda trayendo una de las &#8216;Bombas&#8217; del Clausura 2018 para competirle a Tigres y Rayados.<\/p>\n<p><iframe loading=\"lazy\" src=\"https:\/\/www.youtube.com\/embed\/H51yfPe0vpc?feature=oembed\" frameborder=\"0\" gesture=\"media\" allow=\"encrypted-media\" allowfullscreen><\/iframe><\/p>\n","protected":false},"excerpt":{"rendered":"<p>Las \u00c1guilas buscan erradicar su falta de gol.<\/p>\n","protected":false},"author":129,"featured_media":511207,"comment_status":"closed","ping_status":"closed","sticky":false,"template":"","format":"standard","meta":[],"categories":[7570,2198,3845],"tags":[5959,1741,9028,6182,8666,3863,255,5565,7620],"_links":{"self":[{"href":"http:\/\/desarrollo.grupomedios.com\/futbol\/wp-json\/wp\/v2\/posts\/511205"}],"collection":[{"href":"http:\/\/desarrollo.grupomedios.com\/futbol\/wp-json\/wp\/v2\/posts"}],"about":[{"href":"http:\/\/desarrollo.grupomedios.com\/futbol\/wp-json\/wp\/v2\/types\/post"}],"author":[{"embeddable":true,"href":"http:\/\/desarrollo.grupomedios.com\/futbol\/wp-json\/wp\/v2\/users\/129"}],"replies":[{"embeddable":true,"href":"http:\/\/desarrollo.grupomedios.com\/futbol\/wp-json\/wp\/v2\/comments?post=511205"}],"version-history":[{"count":1,"href":"http:\/\/desarrollo.grupomedios.com\/futbol\/wp-json\/wp\/v2\/posts\/511205\/revisions"}],"predecessor-version":[{"id":511208,"href":"http:\/\/desarrollo.grupomedios.com\/futbol\/wp-json\/wp\/v2\/posts\/511205\/revisions\/511208"}],"wp:featuredmedia":[{"embeddable":true,"href":"http:\/\/desarrollo.grupomedios.com\/futbol\/wp-json\/wp\/v2\/media\/511207"}],"wp:attachment":[{"href":"http:\/\/desarrollo.grupomedios.com\/futbol\/wp-json\/wp\/v2\/media?parent=511205"}],"wp:term":[{"taxonomy":"category","embeddable":true,"href":"http:\/\/desarrollo.grupomedios.com\/futbol\/wp-json\/wp\/v2\/categories?post=511205"},{"taxonomy":"post_tag","embeddable":true,"href":"http:\/\/desarrollo.grupomedios.com\/futbol\/wp-json\/wp\/v2\/tags?post=511205"}],"curies":[{"name":"wp","href":"https:\/\/api.w.org\/{rel}","templated":true}]}}