{"id":511206,"date":"2017-12-03T16:33:04","date_gmt":"2017-12-03T22:33:04","guid":{"rendered":"https:\/\/www.futboltotal.com.mx\/?p=511206"},"modified":"2017-12-03T16:33:04","modified_gmt":"2017-12-03T22:33:04","slug":"las-palmas-1-0-real-betis-laliga-santander-2017-resumen-andres-guardado","status":"publish","type":"post","link":"http:\/\/desarrollo.grupomedios.com\/futbol\/futbol-internacional\/las-palmas-1-0-real-betis-laliga-santander-2017-resumen-andres-guardado\/2017\/12","title":{"rendered":"Las Palmas sorprenden al Real Betis y Guardado en LaLiga"},"content":{"rendered":"<p>La <strong>UD Las Palmas<\/strong> volvi\u00f3 a ganar un partido 77 d\u00edas despu\u00e9s al imponerse con un solitario gol del argentino<strong> Jonathan Calleri<\/strong> a un decepcionante <strong>Betis<\/strong>, dirigido por el ext\u00e9cnico local, Quique Seti\u00e9n, un rival que solo compiti\u00f3 tras el descanso, pero lejos de tener opciones de puntuar.<\/p>\n<p>Las Palmas disfrut\u00f3 de una primera mitad pl\u00e1cida, en gran medida por la actitud pasiva de un Betis sin alma, que no fue a la presi\u00f3n, que lleg\u00f3 tarde siempre y que apenas pis\u00f3 el \u00e1rea canaria, sin exigir a la defensa m\u00e1s goleada del campeonato.<\/p>\n<blockquote class=\"twitter-tweet\" data-data-dnt=\"true\">\n<p lang=\"es\" dir=\"ltr\">FINAL <a href=\"https:\/\/twitter.com\/hashtag\/LasPalmasRealBetis?src=hash&amp;ref_src=twsrc%5Etfw\">#LasPalmasRealBetis<\/a> 1-0<\/p>\n<p>\u00a1NUEVE jornadas despu\u00e9s Las Palmas logra la victoria en <a href=\"https:\/\/twitter.com\/hashtag\/LaLigaSantander?src=hash&amp;ref_src=twsrc%5Etfw\">#LaLigaSantander<\/a>! \ud83d\udc25\ud83d\udc4f <a href=\"https:\/\/t.co\/86bBm1sOdz\">pic.twitter.com\/86bBm1sOdz<\/a><\/p>\n<p>&mdash; LALIGA (@LaLiga) <a href=\"https:\/\/twitter.com\/LaLiga\/status\/937435429929996288?ref_src=twsrc%5Etfw\">December 3, 2017<\/a><\/p><\/blockquote>\n<p><script async src=\"https:\/\/platform.twitter.com\/widgets.js\" charset=\"utf-8\"><\/script><\/p>\n<p>Sabedor como nadie del estilo Seti\u00e9n, la Uni\u00f3n Deportiva presion\u00f3 arriba en los primeros minutos y los errores en defensa de los verdiblancos comenzaron a sucederse. Ad\u00e1n salv\u00f3 un disparo de R\u00e9my despu\u00e9s de un fallo propio. El guardameta volvi\u00f3 a fallar poco despu\u00e9s al atrapar un bal\u00f3n que le hab\u00eda cedido un defensa. El libre indirecto, con el bal\u00f3n en la l\u00ednea de \u00e1rea peque\u00f1a y todo el Betis en la de meta, lo ejecut\u00f3 Viera y el bal\u00f3n se estrell\u00f3 en el cuerpo de <strong>Andr\u00e9s Guardado<\/strong>.<\/p>\n<p>Un despiste de Durmisi para dibujar la l\u00ednea propici\u00f3 que <strong>Tana<\/strong> pasara a Calleri y que el argentino batiera a Ad\u00e1n en el mano a mano, aunque el portero lleg\u00f3 a tocar el bal\u00f3n.<\/p>\n<p><iframe loading=\"lazy\" src=\"https:\/\/www.youtube.com\/embed\/R3MU2DILbUU?feature=oembed\" frameborder=\"0\" gesture=\"media\" allow=\"encrypted-media\" allowfullscreen><\/iframe><\/p>\n<p>S\u00f3lo en los minutos finales de la primera parte se acerc\u00f3 t\u00edmidamente el Betis a la porter\u00eda de Lizoain y demostr\u00f3 que se hab\u00eda presentado al partido, pero sin poner en aprietos al portero local. El equipo de Seti\u00e9n regal\u00f3 un primer tiempo abominable, hab\u00eda dicho el c\u00e1ntabro que su equipo estaba herido pero vivo; sus primeros 45 minutos demostraron todo lo contrario.<\/p>\n<p>Cristian Tello y Sergio Le\u00f3n, en disparos rasos que se marcharon cerca de los palos, tuvieron las mejores opciones de un Betis al que le result\u00f3 insuficiente su t\u00edmida reacci\u00f3n del segundo tiempo para evitar la derrota, ante un rival que llevaba dos meses y medio sin sumar tres puntos.<\/p>\n","protected":false},"excerpt":{"rendered":"<p>Los del Betis volvieron a caer en Espa\u00f1a.<\/p>\n","protected":false},"author":129,"featured_media":511210,"comment_status":"closed","ping_status":"closed","sticky":false,"template":"","format":"standard","meta":[],"categories":[3839,3844,6718],"tags":[6046,6214,10968,4465,1192],"_links":{"self":[{"href":"http:\/\/desarrollo.grupomedios.com\/futbol\/wp-json\/wp\/v2\/posts\/511206"}],"collection":[{"href":"http:\/\/desarrollo.grupomedios.com\/futbol\/wp-json\/wp\/v2\/posts"}],"about":[{"href":"http:\/\/desarrollo.grupomedios.com\/futbol\/wp-json\/wp\/v2\/types\/post"}],"author":[{"embeddable":true,"href":"http:\/\/desarrollo.grupomedios.com\/futbol\/wp-json\/wp\/v2\/users\/129"}],"replies":[{"embeddable":true,"href":"http:\/\/desarrollo.grupomedios.com\/futbol\/wp-json\/wp\/v2\/comments?post=511206"}],"version-history":[{"count":1,"href":"http:\/\/desarrollo.grupomedios.com\/futbol\/wp-json\/wp\/v2\/posts\/511206\/revisions"}],"predecessor-version":[{"id":511211,"href":"http:\/\/desarrollo.grupomedios.com\/futbol\/wp-json\/wp\/v2\/posts\/511206\/revisions\/511211"}],"wp:featuredmedia":[{"embeddable":true,"href":"http:\/\/desarrollo.grupomedios.com\/futbol\/wp-json\/wp\/v2\/media\/511210"}],"wp:attachment":[{"href":"http:\/\/desarrollo.grupomedios.com\/futbol\/wp-json\/wp\/v2\/media?parent=511206"}],"wp:term":[{"taxonomy":"category","embeddable":true,"href":"http:\/\/desarrollo.grupomedios.com\/futbol\/wp-json\/wp\/v2\/categories?post=511206"},{"taxonomy":"post_tag","embeddable":true,"href":"http:\/\/desarrollo.grupomedios.com\/futbol\/wp-json\/wp\/v2\/tags?post=511206"}],"curies":[{"name":"wp","href":"https:\/\/api.w.org\/{rel}","templated":true}]}}