{"id":511263,"date":"2017-12-04T10:27:11","date_gmt":"2017-12-04T16:27:11","guid":{"rendered":"https:\/\/www.futboltotal.com.mx\/?p=511263"},"modified":"2017-12-04T10:27:11","modified_gmt":"2017-12-04T16:27:11","slug":"olympiacos-homenajeara-a-buffon-trayectoria","status":"publish","type":"post","link":"http:\/\/desarrollo.grupomedios.com\/futbol\/futbol-internacional\/olympiacos-homenajeara-a-buffon-trayectoria\/2017\/12","title":{"rendered":"Olympiacos homenajear\u00e1 a Buffon por su trayectoria"},"content":{"rendered":"<p>El <strong>Olympiacos<\/strong> homenajear\u00e1 ma\u00f1ana, al comienzo del encuentro de <strong>Champions League<\/strong>, al guardameta italiano del <strong>Juventus<\/strong> <strong>Gianluigi Buffon<\/strong>, qui\u00e9n anunci\u00f3 su retirada del f\u00fatbol al concluir la presente temporada.<\/p>\n<p>La ofrenda ser\u00e1 entregada por <strong>Savvas Theodoridis<\/strong>, vicepresidente del club y portero del conjunto rojiblanco durante la d\u00e9cada de los a\u00f1os 50.<\/p>\n<p>Buffon ya declar\u00f3 que s\u00f3lo en el caso que la <em>Vecchia Signora<\/em> se proclamase campe\u00f3n de Europa, t\u00edtulo que a\u00fan no ostenta el guardameta en su palmar\u00e9s, se replantear\u00eda alargar un a\u00f1o m\u00e1s su exitosa carrera deportiva.<\/p>\n<p style=\"text-align: center;\"><span style=\"color: #3366ff;\"><a href=\"https:\/\/www.futboltotal.com.mx\/futbol-internacional\/bundesliga\/leon-goretzka-aplica-cabezazo-al-estilo-zidane-en-la-bundesliga\/2017\/12\">VER M\u00c1S: Leon Goretzka aplica un cabezazo al estilo Zidane en la Bundesliga<\/a><\/span><\/p>\n<p>El arquero tiene ma\u00f1ana el reto de dejar su porter\u00eda a cero, ya que el duelo entre griegos e italianos es decisivo para las aspiraciones del Juventus, que necesita ganar para certificar su pase a los octavos de final de la Champions League.<\/p>\n<p>El tributo se realizar\u00e1 en los proleg\u00f3menos del encuentro, al igual que ya ocurri\u00f3 en el \u00faltimo choque europeo en el <strong>Georgios Karaiskakis<\/strong>.<\/p>\n<p>Entonces, Ernesto Valverde, t\u00e9cnico del Barcelona, recibi\u00f3 una corona de laurel a manos de Evangelos Marinakis, presidente de Olympiacos, por el legado del Txingurri en el club de El Pireo. EFE<\/p>\n","protected":false},"excerpt":{"rendered":"<p>Buffon recibir\u00e1 un reconocimiento previo al partido de la Champions League.<\/p>\n","protected":false},"author":129,"featured_media":482093,"comment_status":"closed","ping_status":"closed","sticky":false,"template":"","format":"standard","meta":[],"categories":[3841,3839],"tags":[11313,6214,6027,5999,6091],"_links":{"self":[{"href":"http:\/\/desarrollo.grupomedios.com\/futbol\/wp-json\/wp\/v2\/posts\/511263"}],"collection":[{"href":"http:\/\/desarrollo.grupomedios.com\/futbol\/wp-json\/wp\/v2\/posts"}],"about":[{"href":"http:\/\/desarrollo.grupomedios.com\/futbol\/wp-json\/wp\/v2\/types\/post"}],"author":[{"embeddable":true,"href":"http:\/\/desarrollo.grupomedios.com\/futbol\/wp-json\/wp\/v2\/users\/129"}],"replies":[{"embeddable":true,"href":"http:\/\/desarrollo.grupomedios.com\/futbol\/wp-json\/wp\/v2\/comments?post=511263"}],"version-history":[{"count":1,"href":"http:\/\/desarrollo.grupomedios.com\/futbol\/wp-json\/wp\/v2\/posts\/511263\/revisions"}],"predecessor-version":[{"id":511264,"href":"http:\/\/desarrollo.grupomedios.com\/futbol\/wp-json\/wp\/v2\/posts\/511263\/revisions\/511264"}],"wp:featuredmedia":[{"embeddable":true,"href":"http:\/\/desarrollo.grupomedios.com\/futbol\/wp-json\/wp\/v2\/media\/482093"}],"wp:attachment":[{"href":"http:\/\/desarrollo.grupomedios.com\/futbol\/wp-json\/wp\/v2\/media?parent=511263"}],"wp:term":[{"taxonomy":"category","embeddable":true,"href":"http:\/\/desarrollo.grupomedios.com\/futbol\/wp-json\/wp\/v2\/categories?post=511263"},{"taxonomy":"post_tag","embeddable":true,"href":"http:\/\/desarrollo.grupomedios.com\/futbol\/wp-json\/wp\/v2\/tags?post=511263"}],"curies":[{"name":"wp","href":"https:\/\/api.w.org\/{rel}","templated":true}]}}