{"id":511274,"date":"2017-12-04T15:16:34","date_gmt":"2017-12-04T21:16:34","guid":{"rendered":"https:\/\/www.futboltotal.com.mx\/?p=511274"},"modified":"2017-12-04T15:16:34","modified_gmt":"2017-12-04T21:16:34","slug":"santos-anuncia-la-llegada-jefferson-cuero-ex-monarcas","status":"publish","type":"post","link":"http:\/\/desarrollo.grupomedios.com\/futbol\/futbol-mexicano\/santos-anuncia-la-llegada-jefferson-cuero-ex-monarcas\/2017\/12","title":{"rendered":"Santos anuncia la llegada de Jefferson Cuero, ex Monarcas"},"content":{"rendered":"<p>Apenas termin\u00f3 su participaci\u00f3n en el torneo de <strong>Apertura 2017<\/strong> y los <strong>Monarcas<\/strong> ya tienen su primera baja para el <strong>Clausura 2018<\/strong>, pues el conjunto de <strong>Santos<\/strong> ha anunciado la llegada del jugador <strong>Jefferson Cuero<\/strong>.<\/p>\n<p>El jugador colombiano, nacido en Tumaco, Colombia, se unir\u00e1 a las filas verdiblancas en los pr\u00f3ximos d\u00edas. El extremo de 29 a\u00f1os de edad llega a los <em>Guerreros<\/em> en transferencia definitiva.<\/p>\n<p style=\"text-align: center;\"><span style=\"color: #3366ff;\"><a href=\"https:\/\/www.futboltotal.com.mx\/futbol-mexicano\/liga-mx\/queria-una-salida-digna-pumas-gerardo-alcoba\/2017\/12\">VER M\u00c1S: Quer\u00eda una salida digna de Pumas: Gerardo Alcoba<\/a><\/span><\/p>\n<p>https:\/\/twitter.com\/ClubSantos\/status\/937778027412557825<\/p>\n<p>Cuero lleg\u00f3 al Futbol Mexicano para jugar con <strong>Monarcas Morelia<\/strong> en 2014, luego de resultar campe\u00f3n con el <strong>Independiente de Santa Fe<\/strong>. Su debut lo con los <em>pur\u00e9pechas<\/em> lo hizo el 23 de enero 2015, en el empate a cero en contra de los Esmeraldas de Le\u00f3n.<\/p>\n<p>En su estancia con el cuadro de Morelia ha disputado 85 enfrentamientos de Liga MX, habiendo anotado solo 10 goles. En total, contabilizando <strong>Liga MX<\/strong> y Copa MX, registr\u00f3 92 duelos y un total de 12 anotaciones, estad\u00edsticas muy por debajo de lo esperado en su arribo al f\u00fatbol nacional.<\/p>\n","protected":false},"excerpt":{"rendered":"<p>El conjunto de Torre\u00f3n se sigue reforzando para el Clausura 2018.<\/p>\n","protected":false},"author":129,"featured_media":511280,"comment_status":"closed","ping_status":"closed","sticky":false,"template":"","format":"standard","meta":[],"categories":[2198,3845],"tags":[9028,11314,64,784,174],"_links":{"self":[{"href":"http:\/\/desarrollo.grupomedios.com\/futbol\/wp-json\/wp\/v2\/posts\/511274"}],"collection":[{"href":"http:\/\/desarrollo.grupomedios.com\/futbol\/wp-json\/wp\/v2\/posts"}],"about":[{"href":"http:\/\/desarrollo.grupomedios.com\/futbol\/wp-json\/wp\/v2\/types\/post"}],"author":[{"embeddable":true,"href":"http:\/\/desarrollo.grupomedios.com\/futbol\/wp-json\/wp\/v2\/users\/129"}],"replies":[{"embeddable":true,"href":"http:\/\/desarrollo.grupomedios.com\/futbol\/wp-json\/wp\/v2\/comments?post=511274"}],"version-history":[{"count":1,"href":"http:\/\/desarrollo.grupomedios.com\/futbol\/wp-json\/wp\/v2\/posts\/511274\/revisions"}],"predecessor-version":[{"id":511281,"href":"http:\/\/desarrollo.grupomedios.com\/futbol\/wp-json\/wp\/v2\/posts\/511274\/revisions\/511281"}],"wp:featuredmedia":[{"embeddable":true,"href":"http:\/\/desarrollo.grupomedios.com\/futbol\/wp-json\/wp\/v2\/media\/511280"}],"wp:attachment":[{"href":"http:\/\/desarrollo.grupomedios.com\/futbol\/wp-json\/wp\/v2\/media?parent=511274"}],"wp:term":[{"taxonomy":"category","embeddable":true,"href":"http:\/\/desarrollo.grupomedios.com\/futbol\/wp-json\/wp\/v2\/categories?post=511274"},{"taxonomy":"post_tag","embeddable":true,"href":"http:\/\/desarrollo.grupomedios.com\/futbol\/wp-json\/wp\/v2\/tags?post=511274"}],"curies":[{"name":"wp","href":"https:\/\/api.w.org\/{rel}","templated":true}]}}