{"id":511292,"date":"2017-12-04T17:45:51","date_gmt":"2017-12-04T23:45:51","guid":{"rendered":"https:\/\/www.futboltotal.com.mx\/?p=511292"},"modified":"2017-12-04T17:45:51","modified_gmt":"2017-12-04T23:45:51","slug":"juan-carlos-osorio-elegido-mejor-tecnico-colombiano-del-ano","status":"publish","type":"post","link":"http:\/\/desarrollo.grupomedios.com\/futbol\/futbol-mexicano\/juan-carlos-osorio-elegido-mejor-tecnico-colombiano-del-ano\/2017\/12","title":{"rendered":"Juan Carlos Osorio, el mejor t\u00e9cnico colombiano del a\u00f1o"},"content":{"rendered":"<p><strong>POR: STAFF FT<\/strong><\/p>\n<p>El estratega de la<strong> Selecci\u00f3n Mexicana,\u00a0Juan Carlos Osorio<\/strong>, fue elegido como el mejor entrenador colombiano en el a\u00f1o, as\u00ed lo dio a conocer el Tri a trav\u00e9s de sus redes sociales, pues se le otorg\u00f3 gracias a sus logros con el combinado nacional, con quien disputar\u00e1 la <strong>Copa del Mundo de Rusia 2018.<\/strong><\/p>\n<p style=\"text-align: center;\"><a href=\"https:\/\/www.futboltotal.com.mx\/futbol-mexicano\/liga-mx\/xolos-vendera-a-damian-musto-a-river-plate\/2017\/12\" target=\"_blank\" rel=\"noopener\">VER M\u00c1S: Xolos vender\u00e1 a Dami\u00e1n Musto a River Plate<\/a><\/p>\n<p>A trav\u00e9s del twitter oficial de la<strong> Selecci\u00f3n Mexicana<\/strong>, dieron a conocer que el diario El Espectador de Colombia, le otorg\u00f3 el reconocimiento a Osorio, luego de haber disputado la <strong>Copa Confederaciones 2017<\/strong> con M\u00e9xico, adem\u00e1s de llevarlos de forma c\u00f3moda a la clasificaci\u00f3n del Mundial.<\/p>\n<blockquote class=\"twitter-tweet\" data-lang=\"es\">\n<p dir=\"ltr\" lang=\"es\">Juan Carlos Osorio fue elegido el mejor T\u00e9cnico Colombiano del a\u00f1o por <a href=\"https:\/\/twitter.com\/elespectador?ref_src=twsrc%5Etfw\">@elespectador<\/a>.<\/p>\n<p>&#x1f44f;&#x1f3fc; \u00a1Muchas felicidades, profe! &#x1f44f;&#x1f3fc; <a href=\"https:\/\/t.co\/23KNVidXs5\">pic.twitter.com\/23KNVidXs5<\/a><\/p>\n<p>\u2014 Selecci\u00f3n Nacional (@miseleccionmx) <a href=\"https:\/\/twitter.com\/miseleccionmx\/status\/937810786268917760?ref_src=twsrc%5Etfw\">4 de diciembre de 2017<\/a><\/p><\/blockquote>\n<p><script async src=\"https:\/\/platform.twitter.com\/widgets.js\" charset=\"utf-8\"><\/script><\/p>\n<p>El estratega colombiano no pudo asistir a la premiaci\u00f3n que se realiz\u00f3, sin embargo s\u00ed envi\u00f3 un agradecimiento a trav\u00e9s de video luego de conocer la designaci\u00f3n por parte del diario.<\/p>\n<p style=\"text-align: center;\"><a href=\"https:\/\/www.futboltotal.com.mx\/futbol-internacional\/eredivisie\/chucky-lozano-suena-jugar-messi-en-barcelona\/2017\/12\" target=\"_blank\" rel=\"noopener\">VER M\u00c1S: Chucky Lozano desea jugar con Messi y el Barcelona<\/a><\/p>\n","protected":false},"excerpt":{"rendered":"<p>El estratega fue elegido por los logros que ha conseguido al momento con el Tri<\/p>\n","protected":false},"author":159,"featured_media":511293,"comment_status":"closed","ping_status":"closed","sticky":false,"template":"","format":"standard","meta":[],"categories":[2198,3847],"tags":[6005,6196,65,11315,409],"_links":{"self":[{"href":"http:\/\/desarrollo.grupomedios.com\/futbol\/wp-json\/wp\/v2\/posts\/511292"}],"collection":[{"href":"http:\/\/desarrollo.grupomedios.com\/futbol\/wp-json\/wp\/v2\/posts"}],"about":[{"href":"http:\/\/desarrollo.grupomedios.com\/futbol\/wp-json\/wp\/v2\/types\/post"}],"author":[{"embeddable":true,"href":"http:\/\/desarrollo.grupomedios.com\/futbol\/wp-json\/wp\/v2\/users\/159"}],"replies":[{"embeddable":true,"href":"http:\/\/desarrollo.grupomedios.com\/futbol\/wp-json\/wp\/v2\/comments?post=511292"}],"version-history":[{"count":1,"href":"http:\/\/desarrollo.grupomedios.com\/futbol\/wp-json\/wp\/v2\/posts\/511292\/revisions"}],"predecessor-version":[{"id":511294,"href":"http:\/\/desarrollo.grupomedios.com\/futbol\/wp-json\/wp\/v2\/posts\/511292\/revisions\/511294"}],"wp:featuredmedia":[{"embeddable":true,"href":"http:\/\/desarrollo.grupomedios.com\/futbol\/wp-json\/wp\/v2\/media\/511293"}],"wp:attachment":[{"href":"http:\/\/desarrollo.grupomedios.com\/futbol\/wp-json\/wp\/v2\/media?parent=511292"}],"wp:term":[{"taxonomy":"category","embeddable":true,"href":"http:\/\/desarrollo.grupomedios.com\/futbol\/wp-json\/wp\/v2\/categories?post=511292"},{"taxonomy":"post_tag","embeddable":true,"href":"http:\/\/desarrollo.grupomedios.com\/futbol\/wp-json\/wp\/v2\/tags?post=511292"}],"curies":[{"name":"wp","href":"https:\/\/api.w.org\/{rel}","templated":true}]}}