{"id":511302,"date":"2017-12-04T19:22:59","date_gmt":"2017-12-05T01:22:59","guid":{"rendered":"https:\/\/www.futboltotal.com.mx\/?p=511302"},"modified":"2017-12-05T17:46:51","modified_gmt":"2017-12-05T23:46:51","slug":"lobos-buap-rompe-relacion-con-jonathan-fabbro","status":"publish","type":"post","link":"http:\/\/desarrollo.grupomedios.com\/futbol\/futbol-mexicano\/lobos-buap-rompe-relacion-con-jonathan-fabbro\/2017\/12","title":{"rendered":"Lobos BUAP rompe relaci\u00f3n con Jonathan Fabbro"},"content":{"rendered":"<p><strong>POR: STAFF FT<\/strong><\/p>\n<p>El cuadro de<strong> Lobos BUAP<\/strong> indic\u00f3 a trav\u00e9s de un comunicado que rompi\u00f3 su relaci\u00f3n laboral con el argentino naturalizado paraguayo, <strong>Jonathan Fabbro<\/strong> luego de conocerse su orden de captura por parte de la <strong>Interpol\u00a0<\/strong> y luego de apenas jugar una campa\u00f1a en los lic\u00e1ntropos.<\/p>\n<p>El argentino ha hecho parte de su carrera en M\u00e9xico, donde lleg\u00f3 para jugar con <strong>Dorados de Sinaloa<\/strong>, posteriormente milit\u00f3 en el futbol de\u00a0<strong>Brasil, Chile, Paraguay\u00a0<\/strong>y<strong>\u00a0Argentina,\u00a0<\/strong>para regresar a la <strong>Liga MX<\/strong> con <strong>Jaguares de Chiapas<\/strong> en 2016 y finalmente este \u00faltimo torneo<strong> Apertura 2017<\/strong> jugarlo con los poblanos reci\u00e9n ascendidos.<\/p>\n<p style=\"text-align: center;\"><a href=\"https:\/\/www.futboltotal.com.mx\/futbol-mexicano\/liga-mx\/cruz-azul-tiene-en-la-mira-al-peruano-luis-advincula\/2017\/12\" target=\"_blank\" rel=\"noopener\">VER M\u00c1S: Cruz Azul tiene en la mira a Luis Adv\u00edncula<\/a><\/p>\n<p>A trav\u00e9s de un comunicado y luego de enterarse de la situaci\u00f3n con la que deber\u00e1 lidiar el jugador y la justicia por\u00a0presuntamente<strong> abusar de una menor<\/strong>, informaron que su relaci\u00f3n laboral ha terminado y se desvinculan del jugador.<\/p>\n<p>\u201cPor este medio, el Club<strong>\u00a0Lobos BUAP<\/strong>\u00a0informa que se ha suspendido la relaci\u00f3n laboral con el jugador\u00a0<strong>Jonathan Fabbro<\/strong>. Lo anterior, a fin de que el futbolista pueda resolver su situaci\u00f3n jur\u00eddica\u201d, se lee en el breve comunicado.<\/p>\n<blockquote class=\"twitter-tweet\" data-lang=\"es\">\n<p dir=\"ltr\" lang=\"und\"><a href=\"https:\/\/t.co\/OKKRNJftoY\">pic.twitter.com\/OKKRNJftoY<\/a><\/p>\n<p>\u2014 Lobos Buap Oficial (@LobosBuapMX) <a href=\"https:\/\/twitter.com\/LobosBuapMX\/status\/937831321145143296?ref_src=twsrc%5Etfw\">4 de diciembre de 2017<\/a><\/p><\/blockquote>\n<p><script async src=\"https:\/\/platform.twitter.com\/widgets.js\" charset=\"utf-8\"><\/script><\/p>\n<p style=\"text-align: center;\"><a href=\"https:\/\/www.futboltotal.com.mx\/futbol-mexicano\/liga-mx\/xolos-vendera-a-damian-musto-a-river-plate\/2017\/12\" target=\"_blank\" rel=\"noopener\">VER M\u00c1S: Xolos de Tijuana vender\u00e1 a una de sus piezas a River Plate<\/a><\/p>\n<p>La <strong>violencia de g\u00e9nero<\/strong> es un problema que lacera a la sociedad mexicana y debe ser erradicada dentro y fuera de las canchas. Infortunadamente los golpes, el maltrato psicol\u00f3gico (como insultos y humillaciones) e incluso el abusos sexuales contra la pareja, son situaciones recurrentes durante el noviazgo y los primeros a\u00f1os de matrimonio. Es momento de que hombres y mujeres <strong>levantemos la voz contra la violencia de g\u00e9nero<\/strong> y gritemos\u00a0<strong>\u00a1BASTA!<\/strong><br \/>\n[video_player]https:\/\/player.vimeo.com\/external\/245931478.hd.mp4?s=6177fb870065ed1aecf696228caece37d570b617&amp;profile_id=175|square[\/video_player]<\/p>\n<p>El <strong>Grupo Parlamentario del Partido Verde<\/strong> trabaja para construir una sociedad libre de violencia de g\u00e9nero. Conoce m\u00e1s sobre los logros del Grupo Parlamentario del Partido Verde ingresando a\u00a0<a href=\"http:\/\/www.vinculaciondiputadosdelpartidoverde.com\" target=\"_blank\" rel=\"noopener\">www.vinculaciondiputadosdelpartidoverde.com<\/a><\/p>\n","protected":false},"excerpt":{"rendered":"<p>El jugador ya no estar\u00e1 en la liga mexicana luego de las acusaciones en su contra<\/p>\n","protected":false},"author":159,"featured_media":511303,"comment_status":"closed","ping_status":"closed","sticky":false,"template":"","format":"standard","meta":[],"categories":[2198,3845],"tags":[4126,64,431],"_links":{"self":[{"href":"http:\/\/desarrollo.grupomedios.com\/futbol\/wp-json\/wp\/v2\/posts\/511302"}],"collection":[{"href":"http:\/\/desarrollo.grupomedios.com\/futbol\/wp-json\/wp\/v2\/posts"}],"about":[{"href":"http:\/\/desarrollo.grupomedios.com\/futbol\/wp-json\/wp\/v2\/types\/post"}],"author":[{"embeddable":true,"href":"http:\/\/desarrollo.grupomedios.com\/futbol\/wp-json\/wp\/v2\/users\/159"}],"replies":[{"embeddable":true,"href":"http:\/\/desarrollo.grupomedios.com\/futbol\/wp-json\/wp\/v2\/comments?post=511302"}],"version-history":[{"count":3,"href":"http:\/\/desarrollo.grupomedios.com\/futbol\/wp-json\/wp\/v2\/posts\/511302\/revisions"}],"predecessor-version":[{"id":511399,"href":"http:\/\/desarrollo.grupomedios.com\/futbol\/wp-json\/wp\/v2\/posts\/511302\/revisions\/511399"}],"wp:featuredmedia":[{"embeddable":true,"href":"http:\/\/desarrollo.grupomedios.com\/futbol\/wp-json\/wp\/v2\/media\/511303"}],"wp:attachment":[{"href":"http:\/\/desarrollo.grupomedios.com\/futbol\/wp-json\/wp\/v2\/media?parent=511302"}],"wp:term":[{"taxonomy":"category","embeddable":true,"href":"http:\/\/desarrollo.grupomedios.com\/futbol\/wp-json\/wp\/v2\/categories?post=511302"},{"taxonomy":"post_tag","embeddable":true,"href":"http:\/\/desarrollo.grupomedios.com\/futbol\/wp-json\/wp\/v2\/tags?post=511302"}],"curies":[{"name":"wp","href":"https:\/\/api.w.org\/{rel}","templated":true}]}}