{"id":511305,"date":"2017-12-04T19:46:51","date_gmt":"2017-12-05T01:46:51","guid":{"rendered":"https:\/\/www.futboltotal.com.mx\/?p=511305"},"modified":"2017-12-04T19:46:51","modified_gmt":"2017-12-05T01:46:51","slug":"pumas-desea-a-matias-alustiza-delantera","status":"publish","type":"post","link":"http:\/\/desarrollo.grupomedios.com\/futbol\/futbol-mexicano\/pumas-desea-a-matias-alustiza-delantera\/2017\/12","title":{"rendered":"Pumas desea a Mat\u00edas Alustiza para su delantera"},"content":{"rendered":"<p><strong>POR: STAFF FT<\/strong><\/p>\n<p><strong>Pumas de la UNAM<\/strong> se est\u00e1 preparando de cara al <strong>Clausura 2018<\/strong> y desean apuntalar su ataque, el cual sufri\u00f3 de m\u00e1s en la temporada pasada y est\u00e1n pensando en un delantero ya probado en la <strong>Liga MX<\/strong>, ser\u00eda <strong>Mat\u00edas Alustiza,<\/strong> quien ya no entra en planes con los <strong>Rojinegros del Atlas.<\/strong><\/p>\n<p>De acuerdo a ESPN, la directiva universitaria sigue analizando la posibilidad de traer jugadores ya probados en el balompi\u00e9 azteca, por lo que apostar\u00edan al <strong>&#8216;Chavo&#8217;<\/strong> quien estar\u00eda accesible en el mercado, pues otros nombres que han surgido en el cuadro universitario son el de<strong> Ismael Sosa y Lucas Zelaray\u00e1n<\/strong> de <strong>Tigres UANL<\/strong>, sin embargo, el problema ser\u00eda econ\u00f3mico con esos dos nombres.<\/p>\n<p style=\"text-align: center;\"><a href=\"https:\/\/www.futboltotal.com.mx\/futbol-mexicano\/liga-mx\/cruz-azul-tiene-en-la-mira-al-peruano-luis-advincula\/2017\/12\" target=\"_blank\" rel=\"noopener\">VER M\u00c1S: Cruz Azul desea hacerse con Luis Adv\u00edncula<\/a><\/p>\n<p>De igual forma tienen la intenci\u00f3n de adquirir un nuevo guardameta que haga competencia a <strong>Alfredo Sald\u00edvar<\/strong> quien fue titular indiscutible el pasado Apertura 2017, se habla de dos nombres; <strong>Jorge Villalpando<\/strong>, quien juega actualmente para <strong>Lobos BUAP y Cirilo Saucedo<\/strong>, quien actualmente se encuentra sin equipo.<\/p>\n<p>De igual forma trabajan con velocidad en la llegada del defensa espa\u00f1ol, <strong>Alejandro Arribas<\/strong>, pues desean que la mayor\u00eda de las piezas se sumen a la pretemporada la semana pr\u00f3xima para que el <strong>Clausura 2018<\/strong> resulte muy distinto a la pasada campa\u00f1a donde quedaron como \u00faltimo lugar de la tabla general.<\/p>\n<p style=\"text-align: center;\"><a href=\"https:\/\/www.futboltotal.com.mx\/futbol-mexicano\/liga-mx\/xolos-vendera-a-damian-musto-a-river-plate\/2017\/12\" target=\"_blank\" rel=\"noopener\">VER M\u00c1S: River Plate robar\u00e1 una pieza a Xolos de Tijuana<\/a><\/p>\n","protected":false},"excerpt":{"rendered":"<p>De igual forma los felinos est\u00e1n en busca de un guardameta<\/p>\n","protected":false},"author":159,"featured_media":511306,"comment_status":"closed","ping_status":"closed","sticky":false,"template":"","format":"standard","meta":[],"categories":[2198,3845],"tags":[9028,64,710,74],"_links":{"self":[{"href":"http:\/\/desarrollo.grupomedios.com\/futbol\/wp-json\/wp\/v2\/posts\/511305"}],"collection":[{"href":"http:\/\/desarrollo.grupomedios.com\/futbol\/wp-json\/wp\/v2\/posts"}],"about":[{"href":"http:\/\/desarrollo.grupomedios.com\/futbol\/wp-json\/wp\/v2\/types\/post"}],"author":[{"embeddable":true,"href":"http:\/\/desarrollo.grupomedios.com\/futbol\/wp-json\/wp\/v2\/users\/159"}],"replies":[{"embeddable":true,"href":"http:\/\/desarrollo.grupomedios.com\/futbol\/wp-json\/wp\/v2\/comments?post=511305"}],"version-history":[{"count":1,"href":"http:\/\/desarrollo.grupomedios.com\/futbol\/wp-json\/wp\/v2\/posts\/511305\/revisions"}],"predecessor-version":[{"id":511307,"href":"http:\/\/desarrollo.grupomedios.com\/futbol\/wp-json\/wp\/v2\/posts\/511305\/revisions\/511307"}],"wp:featuredmedia":[{"embeddable":true,"href":"http:\/\/desarrollo.grupomedios.com\/futbol\/wp-json\/wp\/v2\/media\/511306"}],"wp:attachment":[{"href":"http:\/\/desarrollo.grupomedios.com\/futbol\/wp-json\/wp\/v2\/media?parent=511305"}],"wp:term":[{"taxonomy":"category","embeddable":true,"href":"http:\/\/desarrollo.grupomedios.com\/futbol\/wp-json\/wp\/v2\/categories?post=511305"},{"taxonomy":"post_tag","embeddable":true,"href":"http:\/\/desarrollo.grupomedios.com\/futbol\/wp-json\/wp\/v2\/tags?post=511305"}],"curies":[{"name":"wp","href":"https:\/\/api.w.org\/{rel}","templated":true}]}}