{"id":511311,"date":"2017-12-05T09:14:03","date_gmt":"2017-12-05T15:14:03","guid":{"rendered":"https:\/\/www.futboltotal.com.mx\/?p=511311"},"modified":"2017-12-05T09:14:03","modified_gmt":"2017-12-05T15:14:03","slug":"estos-son-los-6-refuerzos-que-busca-america","status":"publish","type":"post","link":"http:\/\/desarrollo.grupomedios.com\/futbol\/destacado-home\/estos-son-los-6-refuerzos-que-busca-america\/2017\/12","title":{"rendered":"Estos son los 6 refuerzos que busca Am\u00e9rica"},"content":{"rendered":"<p><strong>POR: STAFF FT<\/strong><\/p>\n<p>El cuadro de las <strong>\u00c1guilas del Am\u00e9rica<\/strong> ya se encuentra buscando los refuerzos de cara al <strong>Clausura 2018<\/strong>, pues luego de no lograr calificar a la gran final del futbol mexicano desean amarrar un equipo competitivo que pueda pelear por el t\u00edtulo en la siguiente temporada y ya se manejan seis nombres que desean los de Coapa para incorporar a su plantilla.<\/p>\n<p>De acuerdo al periodista David Medrano estos son los 6 futbolistas en los que ha puesto su mira el cuadro de<strong> Miguel Herrera<\/strong> para incorporar en la siguiente campa\u00f1a: el primero es <strong>Brayan Angulo<\/strong>, lateral que jugara la temporada pasada con el Puebla y llegar\u00eda como sustituto del paraguayo <strong>Miguel Samudio<\/strong> quien se marchar\u00e1 del club.<\/p>\n<p style=\"text-align: center;\"><a href=\"https:\/\/www.futboltotal.com.mx\/futbol-mexicano\/liga-mx\/cruz-azul-tiene-en-la-mira-al-peruano-luis-advincula\/2017\/12\">VER M\u00c1S: Cruz Azul tiene en la mira al peruano Luis Adv\u00edncula<\/a><\/p>\n<p>De igual forma desean a los dos hermanos, <strong>Jonathan y Giovani Dos Santos<\/strong>, pues no estar\u00e1n participando en los primeros meses con su equipo <strong>LA Galaxy de la MLS<\/strong> y tendr\u00edan actividad con las \u00c1guilas en las primeras siete jornadas<\/p>\n<p><strong>Elias Hern\u00e1ndez<\/strong>, de <strong>Le\u00f3n<\/strong> llegar\u00eda como sustituto de Darwin Quintero, quien aunque no est\u00e1 totalmente fuera de la plantilla, se esperar\u00eda que al menos tuviera competencia en su posici\u00f3n con el habilidoso extremo mexicano. Por otro lado, <strong>V\u00edctor Malcorra de Xolos de Tijuana<\/strong> es otro de sus objetivos pues desean encontrar alguien que supla en el mediocampo a William Da Silva.<\/p>\n<p>Los \u00faltimos dos nombres son con el objetivo de suplir la posible salida de Silvio Romero, se trata del peruano <strong>Ra\u00fal Ruid\u00edaz de Monarcas Morelia<\/strong>, aunque se hab\u00eda comentado que no hab\u00eda inter\u00e9s, la realidad es que est\u00e1 en la baraja de posibilidades, mientras que el segundo nombres que podr\u00eda ocupar esa posici\u00f3n es el de <strong>Fernando Uribe,<\/strong> delantero colombiano que est\u00e1 muy cerca de dejar al Toluca, aunque otro club interesado es Millonarios de su pa\u00eds.<\/p>\n<p style=\"text-align: center;\"><a href=\"https:\/\/www.futboltotal.com.mx\/futbol-mexicano\/liga-mx\/xolos-vendera-a-damian-musto-a-river-plate\/2017\/12\">VER M\u00c1S: Xolos vender\u00e1 a Dami\u00e1n Musto a River Plate<\/a><\/p>\n","protected":false},"excerpt":{"rendered":"<p>Los de Coapa ya tienen varios nombres en la mira para reforzarse<\/p>\n","protected":false},"author":159,"featured_media":511312,"comment_status":"closed","ping_status":"closed","sticky":false,"template":"","format":"standard","meta":[],"categories":[5,2198,3845],"tags":[5959,8129,332,6182,5982,48,7620,11055],"_links":{"self":[{"href":"http:\/\/desarrollo.grupomedios.com\/futbol\/wp-json\/wp\/v2\/posts\/511311"}],"collection":[{"href":"http:\/\/desarrollo.grupomedios.com\/futbol\/wp-json\/wp\/v2\/posts"}],"about":[{"href":"http:\/\/desarrollo.grupomedios.com\/futbol\/wp-json\/wp\/v2\/types\/post"}],"author":[{"embeddable":true,"href":"http:\/\/desarrollo.grupomedios.com\/futbol\/wp-json\/wp\/v2\/users\/159"}],"replies":[{"embeddable":true,"href":"http:\/\/desarrollo.grupomedios.com\/futbol\/wp-json\/wp\/v2\/comments?post=511311"}],"version-history":[{"count":1,"href":"http:\/\/desarrollo.grupomedios.com\/futbol\/wp-json\/wp\/v2\/posts\/511311\/revisions"}],"predecessor-version":[{"id":511313,"href":"http:\/\/desarrollo.grupomedios.com\/futbol\/wp-json\/wp\/v2\/posts\/511311\/revisions\/511313"}],"wp:featuredmedia":[{"embeddable":true,"href":"http:\/\/desarrollo.grupomedios.com\/futbol\/wp-json\/wp\/v2\/media\/511312"}],"wp:attachment":[{"href":"http:\/\/desarrollo.grupomedios.com\/futbol\/wp-json\/wp\/v2\/media?parent=511311"}],"wp:term":[{"taxonomy":"category","embeddable":true,"href":"http:\/\/desarrollo.grupomedios.com\/futbol\/wp-json\/wp\/v2\/categories?post=511311"},{"taxonomy":"post_tag","embeddable":true,"href":"http:\/\/desarrollo.grupomedios.com\/futbol\/wp-json\/wp\/v2\/tags?post=511311"}],"curies":[{"name":"wp","href":"https:\/\/api.w.org\/{rel}","templated":true}]}}