{"id":511314,"date":"2017-12-05T09:47:22","date_gmt":"2017-12-05T15:47:22","guid":{"rendered":"https:\/\/www.futboltotal.com.mx\/?p=511314"},"modified":"2017-12-05T10:03:28","modified_gmt":"2017-12-05T16:03:28","slug":"var-estara-presente-en-mundial-clubes","status":"publish","type":"post","link":"http:\/\/desarrollo.grupomedios.com\/futbol\/futbol-internacional\/var-estara-presente-en-mundial-clubes\/2017\/12","title":{"rendered":"VAR estar\u00e1 presente en el Mundial de Clubes"},"content":{"rendered":"<p>La 14\u00aa edici\u00f3n del <strong>Mundial de Clubes<\/strong> que comienza este mi\u00e9rcoles en <strong>Emiratos \u00c1rabes Unidos<\/strong> contar\u00e1 con el <strong>videoarbitraje (VAR)<\/strong> para apoyar a los \u00e1rbitros en lo que supone una probatura m\u00e1s para que este sistema funcione correctamente en el pr\u00f3ximo <strong>Mundial de Rusia 2018<\/strong>.<\/p>\n<p>Esta tecnolog\u00eda podr\u00e1 ser requerida por el colegiado principal para determinar una situaci\u00f3n de gol, se\u00f1alar o no un penalti, decidir sobre una roja directa o para identificar al infractor, se\u00f1ala la <strong>FIFA<\/strong> en un comunicado.<\/p>\n<p style=\"text-align: center;\"><span style=\"color: #3366ff;\"><a href=\"https:\/\/www.futboltotal.com.mx\/futbol-internacional\/eredivisie\/chucky-lozano-suena-jugar-messi-en-barcelona\/2017\/12\">VER M\u00c1S: Chucky Lozano sue\u00f1a con jugar con Messi en el Barcelona<\/a><\/span><\/p>\n<p>As\u00ed, el Mundial de Clubes repite en la utilizaci\u00f3n del VAR despu\u00e9s de que el a\u00f1o pasado fuera la primera competici\u00f3n FIFA en contar con este sistema de ayuda al arbitraje. EFE<\/p>\n","protected":false},"excerpt":{"rendered":"<p>El VAR seguir\u00e1 siendo apoyo para los \u00e1rbitros<\/p>\n","protected":false},"author":129,"featured_media":511315,"comment_status":"closed","ping_status":"closed","sticky":false,"template":"","format":"standard","meta":[],"categories":[3839,11040],"tags":[6214,415,9078],"_links":{"self":[{"href":"http:\/\/desarrollo.grupomedios.com\/futbol\/wp-json\/wp\/v2\/posts\/511314"}],"collection":[{"href":"http:\/\/desarrollo.grupomedios.com\/futbol\/wp-json\/wp\/v2\/posts"}],"about":[{"href":"http:\/\/desarrollo.grupomedios.com\/futbol\/wp-json\/wp\/v2\/types\/post"}],"author":[{"embeddable":true,"href":"http:\/\/desarrollo.grupomedios.com\/futbol\/wp-json\/wp\/v2\/users\/129"}],"replies":[{"embeddable":true,"href":"http:\/\/desarrollo.grupomedios.com\/futbol\/wp-json\/wp\/v2\/comments?post=511314"}],"version-history":[{"count":1,"href":"http:\/\/desarrollo.grupomedios.com\/futbol\/wp-json\/wp\/v2\/posts\/511314\/revisions"}],"predecessor-version":[{"id":511316,"href":"http:\/\/desarrollo.grupomedios.com\/futbol\/wp-json\/wp\/v2\/posts\/511314\/revisions\/511316"}],"wp:featuredmedia":[{"embeddable":true,"href":"http:\/\/desarrollo.grupomedios.com\/futbol\/wp-json\/wp\/v2\/media\/511315"}],"wp:attachment":[{"href":"http:\/\/desarrollo.grupomedios.com\/futbol\/wp-json\/wp\/v2\/media?parent=511314"}],"wp:term":[{"taxonomy":"category","embeddable":true,"href":"http:\/\/desarrollo.grupomedios.com\/futbol\/wp-json\/wp\/v2\/categories?post=511314"},{"taxonomy":"post_tag","embeddable":true,"href":"http:\/\/desarrollo.grupomedios.com\/futbol\/wp-json\/wp\/v2\/tags?post=511314"}],"curies":[{"name":"wp","href":"https:\/\/api.w.org\/{rel}","templated":true}]}}