{"id":511348,"date":"2017-12-05T13:31:25","date_gmt":"2017-12-05T19:31:25","guid":{"rendered":"https:\/\/www.futboltotal.com.mx\/?p=511348"},"modified":"2017-12-05T13:31:25","modified_gmt":"2017-12-05T19:31:25","slug":"chicharito-vuelve-a-los-entrenamientos-west-ham","status":"publish","type":"post","link":"http:\/\/desarrollo.grupomedios.com\/futbol\/futbol-internacional\/chicharito-vuelve-a-los-entrenamientos-west-ham\/2017\/12","title":{"rendered":"Chicharito vuelve a los entrenamientos con West Ham"},"content":{"rendered":"<p>Por: Mediotiempo<\/p>\n<p><b>Chicharito Hern\u00e1ndez<\/b>\u00a0reapareci\u00f3 en los entrenamientos del\u00a0<b>West Ham United\u00a0<\/b>luego de dos semanas de baja por una lesi\u00f3n sufrida en el partido amistoso contra B\u00e9lgica jugando para la\u00a0<b>Selecci\u00f3n Mexicana<\/b>.<\/p>\n<p>Fue a trav\u00e9s de un video en redes sociales que los\u00a0<b>Hammers<\/b>\u00a0mostraron el regreso del delantero mexicano a los entrenamientos ante la mirada de su entrenador, el brit\u00e1nico\u00a0<b>David Moyes<\/b>.<\/p>\n<p>En esta publicaci\u00f3n se ve a\u00a0<b>Javier Hern\u00e1ndez<\/b>\u00a0practicando toque de bal\u00f3n y tiro a gol, aunque curiosamente de todos los disparos ejecutados por\u00a0<b>CH17<\/b>\u00a0que se exhiben en el video, ninguno termina en gol.<\/p>\n<p style=\"text-align: center;\"><span style=\"color: #3366ff;\"><a href=\"https:\/\/www.futboltotal.com.mx\/futbol-internacional\/liga-de-belgica\/guillermo-ochoa-elegido-mejor-jugador-del-mes-en-belgica\/2017\/12\">VER M\u00c1S: Guillermo Ochoa, elegido mejor jugador del mes en B\u00e9lgica<\/a><\/span><\/p>\n<blockquote class=\"twitter-video\" data-lang=\"es\">\n<p dir=\"ltr\" lang=\"es\">Por si no lo sab\u00edan&#8230; He&#8217;s back! &#x1f60e;&#x1f60e;&#x1f60e; <a href=\"https:\/\/twitter.com\/hashtag\/CHICHAR17O?src=hash&amp;ref_src=twsrc%5Etfw\">#CHICHAR17O<\/a> <a href=\"https:\/\/twitter.com\/CH14_?ref_src=twsrc%5Etfw\">@CH14_<\/a> <a href=\"https:\/\/t.co\/tKeLGsabsM\">pic.twitter.com\/tKeLGsabsM<\/a><\/p>\n<p>\u2014 WestHamEspa\u00f1ol (@WestHamEspanol) <a href=\"https:\/\/twitter.com\/WestHamEspanol\/status\/938051647300866048?ref_src=twsrc%5Etfw\">5 de diciembre de 2017<\/a><\/p><\/blockquote>\n<p><script async src=\"https:\/\/platform.twitter.com\/widgets.js\" charset=\"utf-8\"><\/script><\/p>\n<p><b>West Ham<\/b>\u00a0marcha\u00a0<b>pen\u00faltimo de la Premier League<\/b>\u00a0con solamente 10 puntos en 15 jornadas, con cuatro derrotas en sus m\u00e1s recientes cinco presentaciones.<\/p>\n<p><b>Chicharito se lesion\u00f3 el 10 de noviembre<\/b>\u00a0y David Moyes asumi\u00f3 el cargo en el banquillo tres d\u00edas antes, por lo que el mexicano no ha tenido minutos con su nuevo DT, algo que podr\u00eda cambiar el s\u00e1bado cuando reciban al Chelsea.<\/p>\n","protected":false},"excerpt":{"rendered":"<p>El mexicano podr\u00eda ver actividad en la pr\u00f3xima jornada de la Premier League.<\/p>\n","protected":false},"author":129,"featured_media":490971,"comment_status":"closed","ping_status":"closed","sticky":false,"template":"","format":"standard","meta":[],"categories":[3839,3846],"tags":[120,334,1743],"_links":{"self":[{"href":"http:\/\/desarrollo.grupomedios.com\/futbol\/wp-json\/wp\/v2\/posts\/511348"}],"collection":[{"href":"http:\/\/desarrollo.grupomedios.com\/futbol\/wp-json\/wp\/v2\/posts"}],"about":[{"href":"http:\/\/desarrollo.grupomedios.com\/futbol\/wp-json\/wp\/v2\/types\/post"}],"author":[{"embeddable":true,"href":"http:\/\/desarrollo.grupomedios.com\/futbol\/wp-json\/wp\/v2\/users\/129"}],"replies":[{"embeddable":true,"href":"http:\/\/desarrollo.grupomedios.com\/futbol\/wp-json\/wp\/v2\/comments?post=511348"}],"version-history":[{"count":1,"href":"http:\/\/desarrollo.grupomedios.com\/futbol\/wp-json\/wp\/v2\/posts\/511348\/revisions"}],"predecessor-version":[{"id":511357,"href":"http:\/\/desarrollo.grupomedios.com\/futbol\/wp-json\/wp\/v2\/posts\/511348\/revisions\/511357"}],"wp:featuredmedia":[{"embeddable":true,"href":"http:\/\/desarrollo.grupomedios.com\/futbol\/wp-json\/wp\/v2\/media\/490971"}],"wp:attachment":[{"href":"http:\/\/desarrollo.grupomedios.com\/futbol\/wp-json\/wp\/v2\/media?parent=511348"}],"wp:term":[{"taxonomy":"category","embeddable":true,"href":"http:\/\/desarrollo.grupomedios.com\/futbol\/wp-json\/wp\/v2\/categories?post=511348"},{"taxonomy":"post_tag","embeddable":true,"href":"http:\/\/desarrollo.grupomedios.com\/futbol\/wp-json\/wp\/v2\/tags?post=511348"}],"curies":[{"name":"wp","href":"https:\/\/api.w.org\/{rel}","templated":true}]}}