{"id":511351,"date":"2017-12-05T12:00:59","date_gmt":"2017-12-05T18:00:59","guid":{"rendered":"https:\/\/www.futboltotal.com.mx\/?p=511351"},"modified":"2017-12-05T12:57:03","modified_gmt":"2017-12-05T18:57:03","slug":"oficial-pedro-caixinha-nuevo-dt-cruz-azul","status":"publish","type":"post","link":"http:\/\/desarrollo.grupomedios.com\/futbol\/destacado-home\/oficial-pedro-caixinha-nuevo-dt-cruz-azul\/2017\/12","title":{"rendered":"OFICIAL: Pedro Caixinha es nuevo DT de Cruz Azul"},"content":{"rendered":"<p><strong>POR: STAFF FT<\/strong><\/p>\n<p><strong>Cruz Azul<\/strong> hizo oficial la llegada del estratega portugu\u00e9s, <strong>Pedro Caixinha<\/strong> como su nuevo timonel para el Clausura 2018, llegar\u00e1 en sustituci\u00f3n de lo hecho por el espa\u00f1ol <strong>Paco J\u00e9mez<\/strong>. Este ser\u00e1 el sexto club en su carrera y su segundo en M\u00e9xico, donde ya dirigi\u00f3 a <strong>Santos Laguna<\/strong>, equipo con el que fue campe\u00f3n.<\/p>\n<p style=\"text-align: center;\"><a href=\"https:\/\/www.futboltotal.com.mx\/futbol-internacional\/liga-de-belgica\/guillermo-ochoa-elegido-mejor-jugador-del-mes-en-belgica\/2017\/12\">VER M\u00c1S: Guillermo Ochoa, elegido mejor jugador del mes en B\u00e9lgica<\/a><\/p>\n<p>A trav\u00e9s de sus redes sociales, los cementeros anunciaron al estratega portugu\u00e9s y destacaron su trayectoria dentro del balompi\u00e9, luego que fuera destituido de su cargo al frente del <strong>Rangers en Escocia<\/strong>; adem\u00e1s que destac\u00f3 que en el futbol azteca gan\u00f3 los t\u00edtulos de <strong>Liga MX, Copa MX y Campe\u00f3n de Campeones<\/strong> con Santos Laguna.<\/p>\n<blockquote class=\"twitter-tweet\" data-lang=\"es\">\n<p dir=\"ltr\" lang=\"es\">Pedro Caixinha, nuevo DT de La M\u00e1quina. \u00a1Bienvenido! <a href=\"https:\/\/twitter.com\/hashtag\/AzulXTi?src=hash&amp;ref_src=twsrc%5Etfw\">#AzulXTi<\/a> &#x1f535; <a href=\"https:\/\/t.co\/KP9HSM2tbH\">pic.twitter.com\/KP9HSM2tbH<\/a><\/p>\n<p>\u2014 CRUZ AZUL FC \u00ae (@Cruz_Azul_FC) <a href=\"https:\/\/twitter.com\/Cruz_Azul_FC\/status\/938116345706811392?ref_src=twsrc%5Etfw\">5 de diciembre de 2017<\/a><\/p><\/blockquote>\n<p><script async src=\"https:\/\/platform.twitter.com\/widgets.js\" charset=\"utf-8\"><\/script><\/p>\n<p>El cuadro cementero as\u00ed tiene a su nuevo entrenador de cara a la pr\u00f3xima temporada, el portugu\u00e9s buscar\u00e1 terminar con la <strong>sequ\u00eda de 20 a\u00f1os que tiene el club sin lograr un t\u00edtulo<\/strong> de liga desde 1997. Adem\u00e1s tendr\u00e1 la consigna de armar el plantel para el siguiente certamen, pero con miras en la pretemporada del equipo.<\/p>\n<p style=\"text-align: center;\"><a href=\"https:\/\/www.futboltotal.com.mx\/futbol-mexicano\/liga-mx\/estos-son-los-6-refuerzos-que-busca-america\/2017\/12\">VER M\u00c1S: Estos son los 6 refuerzos que busca Am\u00e9rica<\/a><\/p>\n","protected":false},"excerpt":{"rendered":"<p>El portugu\u00e9s tendr\u00e1 su sexta experiencia en el banquillo<\/p>\n","protected":false},"author":159,"featured_media":511352,"comment_status":"closed","ping_status":"closed","sticky":false,"template":"","format":"standard","meta":[],"categories":[5,2198,3845],"tags":[9028,5962,64,1968],"_links":{"self":[{"href":"http:\/\/desarrollo.grupomedios.com\/futbol\/wp-json\/wp\/v2\/posts\/511351"}],"collection":[{"href":"http:\/\/desarrollo.grupomedios.com\/futbol\/wp-json\/wp\/v2\/posts"}],"about":[{"href":"http:\/\/desarrollo.grupomedios.com\/futbol\/wp-json\/wp\/v2\/types\/post"}],"author":[{"embeddable":true,"href":"http:\/\/desarrollo.grupomedios.com\/futbol\/wp-json\/wp\/v2\/users\/159"}],"replies":[{"embeddable":true,"href":"http:\/\/desarrollo.grupomedios.com\/futbol\/wp-json\/wp\/v2\/comments?post=511351"}],"version-history":[{"count":2,"href":"http:\/\/desarrollo.grupomedios.com\/futbol\/wp-json\/wp\/v2\/posts\/511351\/revisions"}],"predecessor-version":[{"id":511354,"href":"http:\/\/desarrollo.grupomedios.com\/futbol\/wp-json\/wp\/v2\/posts\/511351\/revisions\/511354"}],"wp:featuredmedia":[{"embeddable":true,"href":"http:\/\/desarrollo.grupomedios.com\/futbol\/wp-json\/wp\/v2\/media\/511352"}],"wp:attachment":[{"href":"http:\/\/desarrollo.grupomedios.com\/futbol\/wp-json\/wp\/v2\/media?parent=511351"}],"wp:term":[{"taxonomy":"category","embeddable":true,"href":"http:\/\/desarrollo.grupomedios.com\/futbol\/wp-json\/wp\/v2\/categories?post=511351"},{"taxonomy":"post_tag","embeddable":true,"href":"http:\/\/desarrollo.grupomedios.com\/futbol\/wp-json\/wp\/v2\/tags?post=511351"}],"curies":[{"name":"wp","href":"https:\/\/api.w.org\/{rel}","templated":true}]}}